{"id":23924,"date":"2026-04-29T19:02:00","date_gmt":"2026-04-29T22:02:00","guid":{"rendered":"https:\/\/tnh1.audiencelabs.com.br\/?p=23924"},"modified":"2026-04-29T11:20:48","modified_gmt":"2026-04-29T14:20:48","slug":"2026-sera-ano-mais-leve-e-trabalhadores-terao-folga-de-quase-4-meses-no-brasil","status":"publish","type":"post","link":"https:\/\/tnh1.audiencelabs.com.br\/2026-sera-ano-mais-leve-e-trabalhadores-terao-folga-de-quase-4-meses-no-brasil\/","title":{"rendered":"2026 ser\u00e1 &#8220;ano mais leve&#8221; e trabalhadores ter\u00e3o folga de quase 4 meses no Brasil"},"content":{"rendered":"\n<p>Em 2026, trabalhadores brasileiros que <strong>cumprem a jornada semanal de 5 dias <\/strong>podem contar com cerca de <strong>113 dias de descanso<\/strong>. Essa soma resulta de finais de semana e feriados nacionais em dias \u00fateis. No total, 104 dias s\u00e3o representados pelos finais de semana, enquanto 9 s\u00e3o feriados nacionais, proporcionando quase quatro meses de folga anual.<\/p>\n\n\n\n<p>O n\u00famero total de dias de folga em 2026 foi calculado considerando 52 s\u00e1bados e 52 domingos, al\u00e9m de 9 feriados nacionais que caem em dias \u00fateis. Os feriados incluem datas como a Confraterniza\u00e7\u00e3o Universal e o Dia do Trabalho, refor\u00e7ando a possibilidade de planejamento de descansos maiores para os trabalhadores.<\/p>\n\n\n\n<h2 class=\"wp-block-heading\">Feriados prolongados<\/h2>\n\n\n\n<p>A maioria dos feriados em 2026 coincide com dias pr\u00f3ximos aos finais de semana, criando v\u00e1rias oportunidades para prolongamentos. O feriado de Tiradentes, por exemplo, cai em uma ter\u00e7a-feira, possibilitando um descanso estendido.<\/p>\n\n\n\n<p>Esse padr\u00e3o se repete em outras datas, como o Corpus Christi em uma quinta-feira.<\/p>\n\n\n\n<h2 class=\"wp-block-heading\">Planejamento para viagens e lazer<\/h2>\n\n\n\n<p>O alto n\u00famero de dias de folga em 2026 permite aos brasileiros um planejamento mais eficaz de viagens e momentos de lazer. A antecipa\u00e7\u00e3o das folgas facilita a organiza\u00e7\u00e3o de atividades familiares e pessoais.<\/p>\n\n\n\n<p>Maximizar o uso desses per\u00edodos pode contribuir para um melhor equil\u00edbrio entre trabalho e vida pessoal.<\/p>\n\n\n\n<p>O ano de 2026 oferece uma rica combina\u00e7\u00e3o de finais de semana e feriados. Com 104 dias de finais de semana e 9 feriados nacionais em dias \u00fateis, os trabalhadores brasileiros t\u00eam a oportunidade de desfrutar de 113 dias de descanso.&nbsp;<\/p>\n","protected":false},"excerpt":{"rendered":"<p>Em 2026, trabalhadores brasileiros podem contar com muitos dias de descanso.<\/p>\n","protected":false},"author":8,"featured_media":10531,"comment_status":"open","ping_status":"open","sticky":false,"template":"","format":"standard","meta":{"jnews-multi-image_gallery":[],"jnews_single_post":{"format":"standard"},"jnews_primary_category":[],"jnews_social_meta":[],"jnews_post_split":[],"footnotes":""},"categories":[1],"tags":[],"class_list":["post-23924","post","type-post","status-publish","format-standard","has-post-thumbnail","hentry","category-geral"],"_links":{"self":[{"href":"https:\/\/tnh1.audiencelabs.com.br\/wp-json\/wp\/v2\/posts\/23924","targetHints":{"allow":["GET"]}}],"collection":[{"href":"https:\/\/tnh1.audiencelabs.com.br\/wp-json\/wp\/v2\/posts"}],"about":[{"href":"https:\/\/tnh1.audiencelabs.com.br\/wp-json\/wp\/v2\/types\/post"}],"author":[{"embeddable":true,"href":"https:\/\/tnh1.audiencelabs.com.br\/wp-json\/wp\/v2\/users\/8"}],"replies":[{"embeddable":true,"href":"https:\/\/tnh1.audiencelabs.com.br\/wp-json\/wp\/v2\/comments?post=23924"}],"version-history":[{"count":3,"href":"https:\/\/tnh1.audiencelabs.com.br\/wp-json\/wp\/v2\/posts\/23924\/revisions"}],"predecessor-version":[{"id":23936,"href":"https:\/\/tnh1.audiencelabs.com.br\/wp-json\/wp\/v2\/posts\/23924\/revisions\/23936"}],"wp:featuredmedia":[{"embeddable":true,"href":"https:\/\/tnh1.audiencelabs.com.br\/wp-json\/wp\/v2\/media\/10531"}],"wp:attachment":[{"href":"https:\/\/tnh1.audiencelabs.com.br\/wp-json\/wp\/v2\/media?parent=23924"}],"wp:term":[{"taxonomy":"category","embeddable":true,"href":"https:\/\/tnh1.audiencelabs.com.br\/wp-json\/wp\/v2\/categories?post=23924"},{"taxonomy":"post_tag","embeddable":true,"href":"https:\/\/tnh1.audiencelabs.com.br\/wp-json\/wp\/v2\/tags?post=23924"}],"curies":[{"name":"wp","href":"https:\/\/api.w.org\/{rel}","templated":true}]}}