{"id":23932,"date":"2026-04-29T21:23:00","date_gmt":"2026-04-30T00:23:00","guid":{"rendered":"https:\/\/tnh1.audiencelabs.com.br\/?p=23932"},"modified":"2026-04-29T11:35:19","modified_gmt":"2026-04-29T14:35:19","slug":"governo-muda-regras-e-brasileiros-deixarao-de-receber-beneficios-ate-2030","status":"publish","type":"post","link":"https:\/\/tnh1.audiencelabs.com.br\/governo-muda-regras-e-brasileiros-deixarao-de-receber-beneficios-ate-2030\/","title":{"rendered":"Governo muda regras e brasileiros deixar\u00e3o de receber benef\u00edcios at\u00e9 2030"},"content":{"rendered":"\n<p>Popularmente conhecido como &#8220;14\u00ba sal\u00e1rio&#8221;, <strong>o abono salarial <\/strong>\u00e9 um benef\u00edcio concedido anualmente a trabalhadores de carteira assinada e servidores p\u00fablicos que atendam a crit\u00e9rios espec\u00edficos de renda e tempo de servi\u00e7o.<\/p>\n\n\n\n<p>Mais do que uma bonifica\u00e7\u00e3o, o pagamento possui car\u00e1ter social, visando <strong>beneficiar principalmente os trabalhadores de baixa renda<\/strong>. Por conta disso, em 2026, o governo decidiu alterar as regras do abono para os pr\u00f3ximos anos.<\/p>\n\n\n\n<p>Conforme descrito no mais recente projeto de Lei de Diretrizes Or\u00e7ament\u00e1rias (PLDO), <strong>o valor da renda m\u00e1xima para ter acesso ao benef\u00edcio ser\u00e1 reduzido<\/strong>, passando a ser corrigido pela infla\u00e7\u00e3o para garantir mais responsabilidade fiscal.<\/p>\n\n\n\n<p>A atenua\u00e7\u00e3o ser\u00e1 implementada de forma gradual at\u00e9 2030. Ao longo desse processo, estima-se que <strong>cerca de 4,5 milh\u00f5es de trabalhadores<\/strong> deixar\u00e3o de ter acesso ao abono, tendo em vista que a nova renda m\u00e1xima ser\u00e1 de um sal\u00e1rio m\u00ednimo e meio<\/p>\n\n\n\n<p>Vale destacar que <strong>a primeira diminui\u00e7\u00e3o j\u00e1 ocorreu neste ano<\/strong>, com o benef\u00edcio sendo liberado apenas para trabalhadores que receberam 1,96 sal\u00e1rio m\u00ednimo em 2024. Com isso, cerca de 559 mil brasileiros ficaram sem o valor adicional.<\/p>\n\n\n\n<h2 class=\"wp-block-heading\">Gastos com benef\u00edcio podem aumentar<\/h2>\n\n\n\n<p>O reajuste de uma das principais exig\u00eancias do abono salarial n\u00e3o resultar\u00e1 em uma economia significativa para o governo, j\u00e1 que proje\u00e7\u00f5es do pr\u00f3prio Minist\u00e9rio do Trabalho<strong> j\u00e1 preveem aumentos nos gastos<\/strong>.<\/p>\n\n\n\n<p>Isso porque a expectativa \u00e9 de que, at\u00e9 2030, o n\u00famero de trabalhadores celetistas chegue a 67 milh\u00f5es. Com isso, os gastos com o benef\u00edcio podem saltar dos atuais R$ 34,36 bilh\u00f5es para R$ 39,27 bilh\u00f5es no total.<\/p>\n\n\n\n<p>Ou seja, embora as novas regras limitem o n\u00famero de trabalhadores aptos a receber o pagamento, o alto volume de brasileiros com carteira assinada ainda exigir\u00e1 do governo investimentos elevados para garantir que o benef\u00edcio seja encaminhado a todos que se enquadram nas regras.<\/p>\n","protected":false},"excerpt":{"rendered":"<p>Popularmente conhecido como &#8220;14\u00ba sal\u00e1rio&#8221;, o abono salarial \u00e9 um benef\u00edcio concedido anualmente a trabalhadores de carteira assinada e servidores p\u00fablicos que atendam a crit\u00e9rios espec\u00edficos de renda e tempo de servi\u00e7o. Mais do que uma bonifica\u00e7\u00e3o, o pagamento possui car\u00e1ter social, visando beneficiar principalmente os trabalhadores de baixa renda. Por conta disso, em 2026, [&hellip;]<\/p>\n","protected":false},"author":19,"featured_media":23933,"comment_status":"open","ping_status":"open","sticky":false,"template":"","format":"standard","meta":{"jnews-multi-image_gallery":[],"jnews_single_post":{"format":"standard"},"jnews_primary_category":[],"jnews_social_meta":[],"jnews_post_split":[],"footnotes":""},"categories":[1],"tags":[],"class_list":["post-23932","post","type-post","status-publish","format-standard","has-post-thumbnail","hentry","category-geral"],"_links":{"self":[{"href":"https:\/\/tnh1.audiencelabs.com.br\/wp-json\/wp\/v2\/posts\/23932","targetHints":{"allow":["GET"]}}],"collection":[{"href":"https:\/\/tnh1.audiencelabs.com.br\/wp-json\/wp\/v2\/posts"}],"about":[{"href":"https:\/\/tnh1.audiencelabs.com.br\/wp-json\/wp\/v2\/types\/post"}],"author":[{"embeddable":true,"href":"https:\/\/tnh1.audiencelabs.com.br\/wp-json\/wp\/v2\/users\/19"}],"replies":[{"embeddable":true,"href":"https:\/\/tnh1.audiencelabs.com.br\/wp-json\/wp\/v2\/comments?post=23932"}],"version-history":[{"count":2,"href":"https:\/\/tnh1.audiencelabs.com.br\/wp-json\/wp\/v2\/posts\/23932\/revisions"}],"predecessor-version":[{"id":24013,"href":"https:\/\/tnh1.audiencelabs.com.br\/wp-json\/wp\/v2\/posts\/23932\/revisions\/24013"}],"wp:featuredmedia":[{"embeddable":true,"href":"https:\/\/tnh1.audiencelabs.com.br\/wp-json\/wp\/v2\/media\/23933"}],"wp:attachment":[{"href":"https:\/\/tnh1.audiencelabs.com.br\/wp-json\/wp\/v2\/media?parent=23932"}],"wp:term":[{"taxonomy":"category","embeddable":true,"href":"https:\/\/tnh1.audiencelabs.com.br\/wp-json\/wp\/v2\/categories?post=23932"},{"taxonomy":"post_tag","embeddable":true,"href":"https:\/\/tnh1.audiencelabs.com.br\/wp-json\/wp\/v2\/tags?post=23932"}],"curies":[{"name":"wp","href":"https:\/\/api.w.org\/{rel}","templated":true}]}}