{"id":23967,"date":"2026-04-29T14:28:15","date_gmt":"2026-04-29T17:28:15","guid":{"rendered":"https:\/\/tnh1.audiencelabs.com.br\/?p=23967"},"modified":"2026-04-29T14:28:18","modified_gmt":"2026-04-29T17:28:18","slug":"greve-confirmada-no-brasil-paralisa-aulas-e-deixa-escolas-fechadas-por-6-dias","status":"publish","type":"post","link":"https:\/\/tnh1.audiencelabs.com.br\/greve-confirmada-no-brasil-paralisa-aulas-e-deixa-escolas-fechadas-por-6-dias\/","title":{"rendered":"Greve confirmada no Brasil paralisa aulas e deixa escolas fechadas por 6 dias"},"content":{"rendered":"\n<p>A paralisa\u00e7\u00e3o dos servidores p\u00fablicos em Florian\u00f3polis chegou ao sexto dia consecutivo e j\u00e1 provoca reflexos diretos na rotina da popula\u00e7\u00e3o, especialmente na rede de ensino, onde unidades enfrentam interrup\u00e7\u00f5es e redu\u00e7\u00e3o no atendimento. Sem acordo at\u00e9 o momento, a greve segue por tempo indeterminado.<\/p>\n\n\n\n<p>Na Educa\u00e7\u00e3o, a situa\u00e7\u00e3o \u00e9 a mais sens\u00edvel: creches municipais deixaram de funcionar e parte significativa dos profissionais cruzou os bra\u00e7os, impactando o funcionamento das atividades. No ensino b\u00e1sico, embora nenhuma escola esteja totalmente fechada, a ades\u00e3o parcial compromete o ritmo das aulas. Ao longo da semana, o cen\u00e1rio pode se agravar caso n\u00e3o haja avan\u00e7o nas negocia\u00e7\u00f5es.<\/p>\n\n\n\n<h2 class=\"wp-block-heading\">Greve avan\u00e7a, afeta escolas e exp\u00f5e impasse entre servidores e prefeitura<\/h2>\n\n\n\n<p>Na \u00e1rea da Sa\u00fade, o impacto \u00e9 mais moderado, mas j\u00e1 percept\u00edvel. Unidades b\u00e1sicas registram redu\u00e7\u00e3o de equipes, afetando atendimentos e servi\u00e7os essenciais. Centros de refer\u00eancia, como o de aten\u00e7\u00e3o psicossocial, tamb\u00e9m operam com limita\u00e7\u00f5es.<\/p>\n\n\n\n<p>A mobiliza\u00e7\u00e3o teve in\u00edcio ap\u00f3s a categoria rejeitar a proposta apresentada pela prefeitura durante as negocia\u00e7\u00f5es da data-base. Entre as principais reivindica\u00e7\u00f5es est\u00e3o reajustes salariais, melhores condi\u00e7\u00f5es de trabalho e refor\u00e7o no quadro de servidores. Os trabalhadores denunciam sobrecarga e precariza\u00e7\u00e3o dos servi\u00e7os p\u00fablicos.<\/p>\n\n\n\n<p>Em resposta \u00e0 imprensa, a administra\u00e7\u00e3o municipal anunciou medidas mais duras, como o desconto nos sal\u00e1rios de servidores que aderirem \u00e0 greve. A decis\u00e3o acirrou o clima entre as partes e refor\u00e7ou a posi\u00e7\u00e3o do sindicato, que afirma manter o movimento at\u00e9 que haja uma proposta considerada satisfat\u00f3ria.<\/p>\n\n\n\n<p>Mesmo com reuni\u00f5es e assembleias previstas ao longo dos pr\u00f3ximos dias, ainda n\u00e3o h\u00e1 previs\u00e3o concreta para o fim da paralisa\u00e7\u00e3o. Enquanto isso, fam\u00edlias enfrentam incertezas, especialmente com escolas afetadas e a possibilidade de novos dias sem aula.<\/p>\n","protected":false},"excerpt":{"rendered":"<p>A paralisa\u00e7\u00e3o dos servidores p\u00fablicos em Florian\u00f3polis chegou ao sexto dia consecutivo e j\u00e1 provoca reflexos diretos na rotina da popula\u00e7\u00e3o, especialmente na rede de ensino, onde unidades enfrentam interrup\u00e7\u00f5es e redu\u00e7\u00e3o no atendimento. Sem acordo at\u00e9 o momento, a greve segue por tempo indeterminado. Na Educa\u00e7\u00e3o, a situa\u00e7\u00e3o \u00e9 a mais sens\u00edvel: creches municipais [&hellip;]<\/p>\n","protected":false},"author":7,"featured_media":23968,"comment_status":"open","ping_status":"open","sticky":false,"template":"","format":"standard","meta":{"jnews-multi-image_gallery":[],"jnews_single_post":{"format":"standard"},"jnews_primary_category":[],"jnews_social_meta":[],"jnews_post_split":[],"footnotes":""},"categories":[1],"tags":[],"class_list":["post-23967","post","type-post","status-publish","format-standard","has-post-thumbnail","hentry","category-geral"],"_links":{"self":[{"href":"https:\/\/tnh1.audiencelabs.com.br\/wp-json\/wp\/v2\/posts\/23967","targetHints":{"allow":["GET"]}}],"collection":[{"href":"https:\/\/tnh1.audiencelabs.com.br\/wp-json\/wp\/v2\/posts"}],"about":[{"href":"https:\/\/tnh1.audiencelabs.com.br\/wp-json\/wp\/v2\/types\/post"}],"author":[{"embeddable":true,"href":"https:\/\/tnh1.audiencelabs.com.br\/wp-json\/wp\/v2\/users\/7"}],"replies":[{"embeddable":true,"href":"https:\/\/tnh1.audiencelabs.com.br\/wp-json\/wp\/v2\/comments?post=23967"}],"version-history":[{"count":1,"href":"https:\/\/tnh1.audiencelabs.com.br\/wp-json\/wp\/v2\/posts\/23967\/revisions"}],"predecessor-version":[{"id":23969,"href":"https:\/\/tnh1.audiencelabs.com.br\/wp-json\/wp\/v2\/posts\/23967\/revisions\/23969"}],"wp:featuredmedia":[{"embeddable":true,"href":"https:\/\/tnh1.audiencelabs.com.br\/wp-json\/wp\/v2\/media\/23968"}],"wp:attachment":[{"href":"https:\/\/tnh1.audiencelabs.com.br\/wp-json\/wp\/v2\/media?parent=23967"}],"wp:term":[{"taxonomy":"category","embeddable":true,"href":"https:\/\/tnh1.audiencelabs.com.br\/wp-json\/wp\/v2\/categories?post=23967"},{"taxonomy":"post_tag","embeddable":true,"href":"https:\/\/tnh1.audiencelabs.com.br\/wp-json\/wp\/v2\/tags?post=23967"}],"curies":[{"name":"wp","href":"https:\/\/api.w.org\/{rel}","templated":true}]}}