{"id":23974,"date":"2026-04-29T15:16:00","date_gmt":"2026-04-29T18:16:00","guid":{"rendered":"https:\/\/tnh1.audiencelabs.com.br\/?p=23974"},"modified":"2026-04-29T14:49:49","modified_gmt":"2026-04-29T17:49:49","slug":"nova-acao-dentro-dos-onibus-no-brasil-promete-mudar-a-vida-de-quem-usa-transporte-publico","status":"publish","type":"post","link":"https:\/\/tnh1.audiencelabs.com.br\/nova-acao-dentro-dos-onibus-no-brasil-promete-mudar-a-vida-de-quem-usa-transporte-publico\/","title":{"rendered":"Nova a\u00e7\u00e3o dentro dos \u00f4nibus no Brasil promete mudar a vida de quem usa transporte p\u00fablico"},"content":{"rendered":"\n<p><br>Para milh\u00f5es de brasileiros, o trajeto de \u00f4nibus faz parte da rotina \u2014 mas, para muitas mulheres, tamb\u00e9m \u00e9 um espa\u00e7o de inseguran\u00e7a. <\/p>\n\n\n\n<p>Uma nova iniciativa em implementa\u00e7\u00e3o no Rio de Janeiro quer mudar esse cen\u00e1rio ao transformar os coletivos em ambientes mais preparados para prevenir e enfrentar casos de ass\u00e9dio e viol\u00eancia de g\u00eanero.<\/p>\n\n\n\n<h2 class=\"wp-block-heading\">Campanha quer preparar rodovi\u00e1rios e orientar passageiras contra ass\u00e9dio<\/h2>\n\n\n\n<p>A a\u00e7\u00e3o \u00e9 resultado de uma articula\u00e7\u00e3o entre o Minist\u00e9rio P\u00fablico do Estado do Rio de Janeiro, o Rio \u00d4nibus e a Secretaria de Estado da Mulher. O foco principal \u00e9 a capacita\u00e7\u00e3o de mais de 18 mil profissionais do transporte, incluindo motoristas e cobradores, para que consigam identificar situa\u00e7\u00f5es de risco, prestar apoio inicial \u00e0s v\u00edtimas e indicar canais oficiais de den\u00fancia.<\/p>\n\n\n\n<p>Al\u00e9m do treinamento das equipes, a campanha prev\u00ea a instala\u00e7\u00e3o de materiais informativos dentro dos \u00f4nibus. Cartazes com orienta\u00e7\u00f5es pr\u00e1ticas devem ser fixados nos ve\u00edculos, com o objetivo de ampliar o acesso \u00e0 informa\u00e7\u00e3o e incentivar den\u00fancias.<\/p>\n\n\n\n<p>A iniciativa integra programas j\u00e1 existentes, como o \u201cPacto Ningu\u00e9m Se Cala\u201d, conduzido pelo MPRJ, e a campanha \u201cN\u00e3o \u00e9 N\u00e3o! Respeite a decis\u00e3o\u201d, promovida pela Secretaria da Mulher. A ideia \u00e9 unificar esfor\u00e7os e dar mais alcance \u00e0s a\u00e7\u00f5es de conscientiza\u00e7\u00e3o no transporte coletivo.<\/p>\n\n\n\n<p>Durante as reuni\u00f5es iniciais, tamb\u00e9m foi discutida a cria\u00e7\u00e3o de um comit\u00ea gestor respons\u00e1vel por acompanhar a implementa\u00e7\u00e3o da campanha. Entre as medidas em an\u00e1lise est\u00e3o a defini\u00e7\u00e3o de protocolos de atendimento em casos de ass\u00e9dio, a cria\u00e7\u00e3o de indicadores para monitorar ocorr\u00eancias e a organiza\u00e7\u00e3o de um fluxo de atua\u00e7\u00e3o para os profissionais.<\/p>\n\n\n\n<p>A expectativa \u00e9 que, com a medida, o ambiente nos \u00f4nibus se torne mais seguro e que passageiros tenham mais clareza sobre como agir diante de situa\u00e7\u00f5es de viol\u00eancia.<\/p>\n","protected":false},"excerpt":{"rendered":"<p>Para milh\u00f5es de brasileiros, o trajeto de \u00f4nibus faz parte da rotina \u2014 mas, para muitas mulheres, tamb\u00e9m \u00e9 um espa\u00e7o de inseguran\u00e7a. Uma nova iniciativa em implementa\u00e7\u00e3o no Rio de Janeiro quer mudar esse cen\u00e1rio ao transformar os coletivos em ambientes mais preparados para prevenir e enfrentar casos de ass\u00e9dio e viol\u00eancia de g\u00eanero. [&hellip;]<\/p>\n","protected":false},"author":7,"featured_media":23975,"comment_status":"open","ping_status":"open","sticky":false,"template":"","format":"standard","meta":{"jnews-multi-image_gallery":[],"jnews_single_post":{"format":"standard"},"jnews_primary_category":[],"jnews_social_meta":[],"jnews_post_split":[],"footnotes":""},"categories":[1],"tags":[],"class_list":["post-23974","post","type-post","status-publish","format-standard","has-post-thumbnail","hentry","category-geral"],"_links":{"self":[{"href":"https:\/\/tnh1.audiencelabs.com.br\/wp-json\/wp\/v2\/posts\/23974","targetHints":{"allow":["GET"]}}],"collection":[{"href":"https:\/\/tnh1.audiencelabs.com.br\/wp-json\/wp\/v2\/posts"}],"about":[{"href":"https:\/\/tnh1.audiencelabs.com.br\/wp-json\/wp\/v2\/types\/post"}],"author":[{"embeddable":true,"href":"https:\/\/tnh1.audiencelabs.com.br\/wp-json\/wp\/v2\/users\/7"}],"replies":[{"embeddable":true,"href":"https:\/\/tnh1.audiencelabs.com.br\/wp-json\/wp\/v2\/comments?post=23974"}],"version-history":[{"count":1,"href":"https:\/\/tnh1.audiencelabs.com.br\/wp-json\/wp\/v2\/posts\/23974\/revisions"}],"predecessor-version":[{"id":23976,"href":"https:\/\/tnh1.audiencelabs.com.br\/wp-json\/wp\/v2\/posts\/23974\/revisions\/23976"}],"wp:featuredmedia":[{"embeddable":true,"href":"https:\/\/tnh1.audiencelabs.com.br\/wp-json\/wp\/v2\/media\/23975"}],"wp:attachment":[{"href":"https:\/\/tnh1.audiencelabs.com.br\/wp-json\/wp\/v2\/media?parent=23974"}],"wp:term":[{"taxonomy":"category","embeddable":true,"href":"https:\/\/tnh1.audiencelabs.com.br\/wp-json\/wp\/v2\/categories?post=23974"},{"taxonomy":"post_tag","embeddable":true,"href":"https:\/\/tnh1.audiencelabs.com.br\/wp-json\/wp\/v2\/tags?post=23974"}],"curies":[{"name":"wp","href":"https:\/\/api.w.org\/{rel}","templated":true}]}}