{"id":23992,"date":"2026-04-29T17:29:00","date_gmt":"2026-04-29T20:29:00","guid":{"rendered":"https:\/\/tnh1.audiencelabs.com.br\/?p=23992"},"modified":"2026-04-29T17:10:14","modified_gmt":"2026-04-29T20:10:14","slug":"governo-cria-plano-de-r-330-milhoes-para-ajudar-brasileiros-a-comprar-gas-de-cozinha","status":"publish","type":"post","link":"https:\/\/tnh1.audiencelabs.com.br\/governo-cria-plano-de-r-330-milhoes-para-ajudar-brasileiros-a-comprar-gas-de-cozinha\/","title":{"rendered":"Governo cria plano de R$ 330 milh\u00f5es para ajudar brasileiros a comprar g\u00e1s de cozinha"},"content":{"rendered":"\n<p>O governo federal anunciou uma nova medida para tentar conter a alta no g\u00e1s de cozinha, um dos itens mais sens\u00edveis no or\u00e7amento das fam\u00edlias. <\/p>\n\n\n\n<p>A iniciativa prev\u00ea a libera\u00e7\u00e3o de R$ 330 milh\u00f5es para evitar que oscila\u00e7\u00f5es do mercado internacional impactem diretamente o consumidor.<\/p>\n\n\n\n<h2 class=\"wp-block-heading\">Plano tenta segurar pre\u00e7o do g\u00e1s de cozinha diante de alta global<\/h2>\n\n\n\n<p>A a\u00e7\u00e3o foi oficializada por meio de uma medida provis\u00f3ria assinada pelo presidente Luiz In\u00e1cio Lula da Silva e destina recursos ao Minist\u00e9rio de Minas e Energia. O objetivo \u00e9 subsidiar a importa\u00e7\u00e3o de G\u00e1s Liquefeito de Petr\u00f3leo (GLP), permitindo que o produto chegue ao mercado brasileiro com valores pr\u00f3ximos aos praticados internamente.<\/p>\n\n\n\n<p>Na pr\u00e1tica, o governo busca reduzir a press\u00e3o sobre o pre\u00e7o final do botij\u00e3o, especialmente em um cen\u00e1rio de instabilidade internacional. Entre os fatores que influenciam a alta est\u00e3o o encarecimento do petr\u00f3leo, custos log\u00edsticos mais elevados e tens\u00f5es geopol\u00edticas que afetam a oferta global.<\/p>\n\n\n\n<p>Atualmente, cerca de 20% do g\u00e1s consumido no Brasil \u00e9 importado, o que torna o pa\u00eds mais vulner\u00e1vel \u00e0s varia\u00e7\u00f5es externas. Com a subven\u00e7\u00e3o, a ideia \u00e9 equilibrar essa diferen\u00e7a e evitar repasses imediatos ao consumidor.<\/p>\n\n\n\n<p>A medida vale, inicialmente, para o per\u00edodo entre abril e maio, mas pode ser prorrogada dependendo das condi\u00e7\u00f5es do mercado. Segundo o governo, a iniciativa faz parte de um conjunto de a\u00e7\u00f5es voltadas a conter a infla\u00e7\u00e3o dos combust\u00edveis e preservar o poder de compra da popula\u00e7\u00e3o.<\/p>\n\n\n\n<p>Apesar do impacto potencial, especialistas apontam que o efeito pode ser tempor\u00e1rio, j\u00e1 que o comportamento dos pre\u00e7os depende de fatores externos. Ainda assim, a medida tenta aliviar, no curto prazo, o custo do g\u00e1s de cozinha para milh\u00f5es de brasileiros.<\/p>\n","protected":false},"excerpt":{"rendered":"<p>O governo federal anunciou uma nova medida para tentar conter a alta no g\u00e1s de cozinha, um dos itens mais sens\u00edveis no or\u00e7amento das fam\u00edlias. A iniciativa prev\u00ea a libera\u00e7\u00e3o de R$ 330 milh\u00f5es para evitar que oscila\u00e7\u00f5es do mercado internacional impactem diretamente o consumidor. Plano tenta segurar pre\u00e7o do g\u00e1s de cozinha diante de [&hellip;]<\/p>\n","protected":false},"author":7,"featured_media":23993,"comment_status":"open","ping_status":"open","sticky":false,"template":"","format":"standard","meta":{"jnews-multi-image_gallery":[],"jnews_single_post":{"format":"standard"},"jnews_primary_category":[],"jnews_social_meta":[],"jnews_post_split":[],"footnotes":""},"categories":[1],"tags":[],"class_list":["post-23992","post","type-post","status-publish","format-standard","has-post-thumbnail","hentry","category-geral"],"_links":{"self":[{"href":"https:\/\/tnh1.audiencelabs.com.br\/wp-json\/wp\/v2\/posts\/23992","targetHints":{"allow":["GET"]}}],"collection":[{"href":"https:\/\/tnh1.audiencelabs.com.br\/wp-json\/wp\/v2\/posts"}],"about":[{"href":"https:\/\/tnh1.audiencelabs.com.br\/wp-json\/wp\/v2\/types\/post"}],"author":[{"embeddable":true,"href":"https:\/\/tnh1.audiencelabs.com.br\/wp-json\/wp\/v2\/users\/7"}],"replies":[{"embeddable":true,"href":"https:\/\/tnh1.audiencelabs.com.br\/wp-json\/wp\/v2\/comments?post=23992"}],"version-history":[{"count":1,"href":"https:\/\/tnh1.audiencelabs.com.br\/wp-json\/wp\/v2\/posts\/23992\/revisions"}],"predecessor-version":[{"id":23994,"href":"https:\/\/tnh1.audiencelabs.com.br\/wp-json\/wp\/v2\/posts\/23992\/revisions\/23994"}],"wp:featuredmedia":[{"embeddable":true,"href":"https:\/\/tnh1.audiencelabs.com.br\/wp-json\/wp\/v2\/media\/23993"}],"wp:attachment":[{"href":"https:\/\/tnh1.audiencelabs.com.br\/wp-json\/wp\/v2\/media?parent=23992"}],"wp:term":[{"taxonomy":"category","embeddable":true,"href":"https:\/\/tnh1.audiencelabs.com.br\/wp-json\/wp\/v2\/categories?post=23992"},{"taxonomy":"post_tag","embeddable":true,"href":"https:\/\/tnh1.audiencelabs.com.br\/wp-json\/wp\/v2\/tags?post=23992"}],"curies":[{"name":"wp","href":"https:\/\/api.w.org\/{rel}","templated":true}]}}