{"id":23995,"date":"2026-04-29T17:45:00","date_gmt":"2026-04-29T20:45:00","guid":{"rendered":"https:\/\/tnh1.audiencelabs.com.br\/?p=23995"},"modified":"2026-04-29T17:20:50","modified_gmt":"2026-04-29T20:20:50","slug":"apos-o-fim-do-bbb-26-futuro-do-tadeu-schmidt-ja-definido","status":"publish","type":"post","link":"https:\/\/tnh1.audiencelabs.com.br\/apos-o-fim-do-bbb-26-futuro-do-tadeu-schmidt-ja-definido\/","title":{"rendered":"Ap\u00f3s o fim do BBB 26, futuro do Tadeu Schmidt j\u00e1 definido"},"content":{"rendered":"\n<p>Com o fim do Big Brother Brasil 2026, o espa\u00e7o de &#8220;sil\u00eancio&#8221; entre uma edi\u00e7\u00e3o e outra tomou lugar para os f\u00e3s do reality e tamb\u00e9m para o apresentador, Tadeu Schmidt. Ap\u00f3s meses de exposi\u00e7\u00e3o di\u00e1ria, Schmidt decidiu se afastar \u2014 n\u00e3o apenas do p\u00fablico, mas tamb\u00e9m da rotina digital que marcou sua trajet\u00f3ria recente na TV.<\/p>\n\n\n\n<p>Com o encerramento dessa edi\u00e7\u00e3o, apresentador iniciou oficialmente seu per\u00edodo de f\u00e9rias e indicou qual ser\u00e1 seu foco fora das telas: uma pausa mais introspectiva, dedicada \u00e0 leitura e ao descanso. Em publica\u00e7\u00e3o nas redes sociais, ele afirmou que pretende se desconectar da tecnologia durante esse per\u00edodo longe dos est\u00fadios, sem roteiros ou provas ao vivo.<\/p>\n\n\n\n<h2 class=\"wp-block-heading\">Ap\u00f3s o fim do BBB 26, apresentador entra em fase de pausa e define pr\u00f3ximos passos.<\/h2>\n\n\n\n<p>A decis\u00e3o vem ap\u00f3s cerca de 100 dias \u00e0 frente do reality, um dos programas de maior audi\u00eancia da TV Globo. Segundo o pr\u00f3prio apresentador, a ideia \u00e9 aproveitar o momento para retomar h\u00e1bitos mais tranquilos, como a leitura de cl\u00e1ssicos da literatura.<\/p>\n\n\n\n<p>Entre os t\u00edtulos escolhidos est\u00e3o<em> Cem Anos de Solid\u00e3o, O Morro dos Ventos Uivantes <\/em>e<em> Factfulness.<\/em> A sele\u00e7\u00e3o foi feita com ajuda dos seguidores e inclui tanto obras de fic\u00e7\u00e3o quanto n\u00e3o fic\u00e7\u00e3o.<\/p>\n\n\n\n<p>Apesar do afastamento tempor\u00e1rio, o futuro profissional de Tadeu Schmidt segue definido: ele permanece como nome central da apresenta\u00e7\u00e3o do reality nas pr\u00f3ximas edi\u00e7\u00f5es. A emissora j\u00e1 abriu inscri\u00e7\u00f5es para o pr\u00f3ximo ciclo do programa, previsto para 2027, embora ainda sem data oficial confirmada.<\/p>\n\n\n\n<p>Enquanto isso, o apresentador opta por um intervalo estrat\u00e9gico \u2014 uma pausa que, ao que tudo indica, antecede um novo ciclo \u00e0 frente de um dos maiores formatos da televis\u00e3o brasileira.<\/p>\n","protected":false},"excerpt":{"rendered":"<p>Com o fim do Big Brother Brasil 2026, o espa\u00e7o de &#8220;sil\u00eancio&#8221; entre uma edi\u00e7\u00e3o e outra tomou lugar para os f\u00e3s do reality e tamb\u00e9m para o apresentador, Tadeu Schmidt. Ap\u00f3s meses de exposi\u00e7\u00e3o di\u00e1ria, Schmidt decidiu se afastar \u2014 n\u00e3o apenas do p\u00fablico, mas tamb\u00e9m da rotina digital que marcou sua trajet\u00f3ria recente [&hellip;]<\/p>\n","protected":false},"author":7,"featured_media":23996,"comment_status":"open","ping_status":"open","sticky":false,"template":"","format":"standard","meta":{"jnews-multi-image_gallery":[],"jnews_single_post":{"format":"standard"},"jnews_primary_category":[],"jnews_social_meta":[],"jnews_post_split":[],"footnotes":""},"categories":[1],"tags":[],"class_list":["post-23995","post","type-post","status-publish","format-standard","has-post-thumbnail","hentry","category-geral"],"_links":{"self":[{"href":"https:\/\/tnh1.audiencelabs.com.br\/wp-json\/wp\/v2\/posts\/23995","targetHints":{"allow":["GET"]}}],"collection":[{"href":"https:\/\/tnh1.audiencelabs.com.br\/wp-json\/wp\/v2\/posts"}],"about":[{"href":"https:\/\/tnh1.audiencelabs.com.br\/wp-json\/wp\/v2\/types\/post"}],"author":[{"embeddable":true,"href":"https:\/\/tnh1.audiencelabs.com.br\/wp-json\/wp\/v2\/users\/7"}],"replies":[{"embeddable":true,"href":"https:\/\/tnh1.audiencelabs.com.br\/wp-json\/wp\/v2\/comments?post=23995"}],"version-history":[{"count":1,"href":"https:\/\/tnh1.audiencelabs.com.br\/wp-json\/wp\/v2\/posts\/23995\/revisions"}],"predecessor-version":[{"id":23997,"href":"https:\/\/tnh1.audiencelabs.com.br\/wp-json\/wp\/v2\/posts\/23995\/revisions\/23997"}],"wp:featuredmedia":[{"embeddable":true,"href":"https:\/\/tnh1.audiencelabs.com.br\/wp-json\/wp\/v2\/media\/23996"}],"wp:attachment":[{"href":"https:\/\/tnh1.audiencelabs.com.br\/wp-json\/wp\/v2\/media?parent=23995"}],"wp:term":[{"taxonomy":"category","embeddable":true,"href":"https:\/\/tnh1.audiencelabs.com.br\/wp-json\/wp\/v2\/categories?post=23995"},{"taxonomy":"post_tag","embeddable":true,"href":"https:\/\/tnh1.audiencelabs.com.br\/wp-json\/wp\/v2\/tags?post=23995"}],"curies":[{"name":"wp","href":"https:\/\/api.w.org\/{rel}","templated":true}]}}