{"id":24001,"date":"2026-04-29T18:27:00","date_gmt":"2026-04-29T21:27:00","guid":{"rendered":"https:\/\/tnh1.audiencelabs.com.br\/?p=24001"},"modified":"2026-04-29T17:47:33","modified_gmt":"2026-04-29T20:47:33","slug":"governo-confirma-reajuste-e-salario-pode-chegar-a-r-4-800-para-parte-dos-brasileiros","status":"publish","type":"post","link":"https:\/\/tnh1.audiencelabs.com.br\/governo-confirma-reajuste-e-salario-pode-chegar-a-r-4-800-para-parte-dos-brasileiros\/","title":{"rendered":"Governo confirma reajuste e sal\u00e1rio pode chegar a R$ 4.800 para parte dos brasileiros"},"content":{"rendered":"\n<p>O governo federal confirmou mudan\u00e7as salariais que impactam diretamente profissionais da seguran\u00e7a p\u00fablica e podem elevar a remunera\u00e7\u00e3o mensal para at\u00e9 R$ 4.800 em alguns casos. A medida j\u00e1 est\u00e1 em vigor, mas ainda depende de an\u00e1lise final do Congresso Nacional em pontos espec\u00edficos.<\/p>\n\n\n\n<p>A atualiza\u00e7\u00e3o foi oficializada ap\u00f3s san\u00e7\u00e3o do presidente Luiz In\u00e1cio Lula da Silva ao projeto que trata da recomposi\u00e7\u00e3o salarial das for\u00e7as de seguran\u00e7a do Distrito Federal. A nova lei mant\u00e9m o reajuste, mesmo com vetos a trechos que ampliariam benef\u00edcios e criariam novas despesas.<\/p>\n\n\n\n<h2 class=\"wp-block-heading\">Reajuste salarial entra em vigor e altera ganhos na seguran\u00e7a p\u00fablica<\/h2>\n\n\n\n<p>Com a mudan\u00e7a, os sal\u00e1rios foram corrigidos com percentuais que variam conforme a carreira. Policiais militares e bombeiros do DF tiveram aumentos entre cerca de 19% e 28%, enquanto servidores da Pol\u00edcia Civil registraram reajuste superior a 27%.<\/p>\n\n\n\n<p>Na pr\u00e1tica, isso elevou a remunera\u00e7\u00e3o b\u00e1sica de alguns cargos. Um exemplo \u00e9 o soldo de coron\u00e9is da Pol\u00edcia Militar, que passou de cerca de R$ 3.195 para R$ 4.800 mensais a partir de janeiro de 2026. O valor citado corresponde \u00e0 base salarial, sem considerar adicionais e gratifica\u00e7\u00f5es.<\/p>\n\n\n\n<p>O governo justificou os vetos afirmando que algumas propostas poderiam gerar despesas obrigat\u00f3rias sem previs\u00e3o or\u00e7ament\u00e1ria, o que contraria regras fiscais. Entre os pontos barrados est\u00e3o mudan\u00e7as autom\u00e1ticas de carreira, cria\u00e7\u00e3o de vantagens permanentes e ajustes sem estimativa de impacto financeiro.<\/p>\n\n\n\n<p>Os trechos vetados ainda ser\u00e3o analisados pelo Congresso Nacional, que pode decidir pela manuten\u00e7\u00e3o ou derrubada das altera\u00e7\u00f5es. Enquanto isso, o reajuste salarial aprovado segue em vigor conforme publicado no Di\u00e1rio Oficial da Uni\u00e3o.<\/p>\n","protected":false},"excerpt":{"rendered":"<p>O governo federal confirmou mudan\u00e7as salariais que impactam diretamente profissionais da seguran\u00e7a p\u00fablica e podem elevar a remunera\u00e7\u00e3o mensal para at\u00e9 R$ 4.800 em alguns casos. A medida j\u00e1 est\u00e1 em vigor, mas ainda depende de an\u00e1lise final do Congresso Nacional em pontos espec\u00edficos. A atualiza\u00e7\u00e3o foi oficializada ap\u00f3s san\u00e7\u00e3o do presidente Luiz In\u00e1cio Lula [&hellip;]<\/p>\n","protected":false},"author":7,"featured_media":24002,"comment_status":"open","ping_status":"open","sticky":false,"template":"","format":"standard","meta":{"jnews-multi-image_gallery":[],"jnews_single_post":{"format":"standard"},"jnews_primary_category":[],"jnews_social_meta":[],"jnews_post_split":[],"footnotes":""},"categories":[1],"tags":[],"class_list":["post-24001","post","type-post","status-publish","format-standard","has-post-thumbnail","hentry","category-geral"],"_links":{"self":[{"href":"https:\/\/tnh1.audiencelabs.com.br\/wp-json\/wp\/v2\/posts\/24001","targetHints":{"allow":["GET"]}}],"collection":[{"href":"https:\/\/tnh1.audiencelabs.com.br\/wp-json\/wp\/v2\/posts"}],"about":[{"href":"https:\/\/tnh1.audiencelabs.com.br\/wp-json\/wp\/v2\/types\/post"}],"author":[{"embeddable":true,"href":"https:\/\/tnh1.audiencelabs.com.br\/wp-json\/wp\/v2\/users\/7"}],"replies":[{"embeddable":true,"href":"https:\/\/tnh1.audiencelabs.com.br\/wp-json\/wp\/v2\/comments?post=24001"}],"version-history":[{"count":1,"href":"https:\/\/tnh1.audiencelabs.com.br\/wp-json\/wp\/v2\/posts\/24001\/revisions"}],"predecessor-version":[{"id":24003,"href":"https:\/\/tnh1.audiencelabs.com.br\/wp-json\/wp\/v2\/posts\/24001\/revisions\/24003"}],"wp:featuredmedia":[{"embeddable":true,"href":"https:\/\/tnh1.audiencelabs.com.br\/wp-json\/wp\/v2\/media\/24002"}],"wp:attachment":[{"href":"https:\/\/tnh1.audiencelabs.com.br\/wp-json\/wp\/v2\/media?parent=24001"}],"wp:term":[{"taxonomy":"category","embeddable":true,"href":"https:\/\/tnh1.audiencelabs.com.br\/wp-json\/wp\/v2\/categories?post=24001"},{"taxonomy":"post_tag","embeddable":true,"href":"https:\/\/tnh1.audiencelabs.com.br\/wp-json\/wp\/v2\/tags?post=24001"}],"curies":[{"name":"wp","href":"https:\/\/api.w.org\/{rel}","templated":true}]}}