{"id":24029,"date":"2026-04-30T08:32:43","date_gmt":"2026-04-30T11:32:43","guid":{"rendered":"https:\/\/tnh1.audiencelabs.com.br\/?p=24029"},"modified":"2026-04-30T08:34:27","modified_gmt":"2026-04-30T11:34:27","slug":"flamengo-discute-negociacao-de-r-46-milhoes-com-time-da-europa-e-torcida-pode-se-despedir-de-atacante-no-meio-do-ano","status":"publish","type":"post","link":"https:\/\/tnh1.audiencelabs.com.br\/flamengo-discute-negociacao-de-r-46-milhoes-com-time-da-europa-e-torcida-pode-se-despedir-de-atacante-no-meio-do-ano\/","title":{"rendered":"Flamengo discute negocia\u00e7\u00e3o de R$ 46 milh\u00f5es com time da Europa e torcida pode se despedir de atacante no meio do ano"},"content":{"rendered":"\n<p>A torcida do Flamengo pode se preparar para se despedir do jovem atacante Ryan Roberto, uma promessa da base rubro-negra de apenas 18 anos que se destacou na campanha do vice-campeonato da Libertadores sub-20. O atleta tem apenas dois jogos na equipe principal, mas j\u00e1 despertou o interesse do futebol europeu e est\u00e1 sendo negociado por mais de R$ 46 milh\u00f5es.<\/p>\n\n\n\n<p>O clube interessado \u00e9 o Shakhtar Donetsk, da Ucr\u00e2nia, que j\u00e1 mandou uma proposta oficial no valor de 8 milh\u00f5es de euros (R$ 46,7 milh\u00f5es na cota\u00e7\u00e3o atual). Dessa maneira, o jogador j\u00e1 pode sair na pr\u00f3xima janela de transfer\u00eancia, que acontecer\u00e1 no meio do ano.<\/p>\n\n\n\n<p>Vale destacar que, na \u00faltima semana, o Rubro-Negro adquiriu mais 20% dos direitos econ\u00f4micos do atacante por R$ 1,5 milh\u00e3o. Dessa maneira, det\u00e9m 70% de seus direitos. Os demais 30% s\u00e3o do Athletico Paranaense, clube que ele defendeu na base durante tr\u00eas anos.<\/p>\n\n\n\n<p>De acordo com informa\u00e7\u00f5es do ge, na negocia\u00e7\u00e3o, o Shakhtar deseja adquirir 80% dos direitos econ\u00f4micos do jogador. Diante disso, a ideia do Flamengo \u00e9 vender apenas 50%, enquanto os outros 30% seriam do Athletico. Dessa forma, o clube receberia R$ 30 milh\u00f5es e ainda ficaria com 20%, o que pode ser muito lucrativo em uma futura venda do atleta.<\/p>\n\n\n\n<p>O jogador foi afastado do time sub-20 enquanto espera um desfecho em rela\u00e7\u00e3o \u00e0 negocia\u00e7\u00e3o, que est\u00e1 sendo realizada pelo diretor de futebol, Jos\u00e9 Boto, e ainda deve passar pelo presidente Bap.<\/p>\n\n\n<div class=\"wp-block-image\">\n<figure class=\"aligncenter size-large\"><img loading=\"lazy\" decoding=\"async\" width=\"1024\" height=\"597\" src=\"https:\/\/tnh1.audiencelabs.com.br\/wp-content\/uploads\/2026\/04\/Ryan-Roberto-1024x597.jpg\" alt=\"Atacante do Flamengo\" class=\"wp-image-24037\" srcset=\"https:\/\/tnh1.audiencelabs.com.br\/wp-content\/uploads\/2026\/04\/Ryan-Roberto-1024x597.jpg 1024w, https:\/\/tnh1.audiencelabs.com.br\/wp-content\/uploads\/2026\/04\/Ryan-Roberto-300x175.jpg 300w, https:\/\/tnh1.audiencelabs.com.br\/wp-content\/uploads\/2026\/04\/Ryan-Roberto-768x448.jpg 768w, https:\/\/tnh1.audiencelabs.com.br\/wp-content\/uploads\/2026\/04\/Ryan-Roberto-750x438.jpg 750w, https:\/\/tnh1.audiencelabs.com.br\/wp-content\/uploads\/2026\/04\/Ryan-Roberto-1140x665.jpg 1140w, https:\/\/tnh1.audiencelabs.com.br\/wp-content\/uploads\/2026\/04\/Ryan-Roberto.jpg 1200w\" sizes=\"auto, (max-width: 1024px) 100vw, 1024px\" \/><figcaption class=\"wp-element-caption\">Imagem: Reprodu\u00e7\u00e3o\/Instagram<\/figcaption><\/figure>\n<\/div>\n\n\n<h2 class=\"wp-block-heading\">Carreira do jovem Ryan<\/h2>\n\n\n\n<p>Nascido na capital paulista, mais especificamente na regi\u00e3o de \u00c1gua Vermelha, Ryan Roberto deu seus primeiros passos no futebol atrav\u00e9s das categorias de base do projeto &#8220;Paulistinha&#8221;. Seu talento chamou a aten\u00e7\u00e3o do Athletico-PR, que o recrutou em 2021, quando o jovem tinha apenas 10 anos de idade.<\/p>\n\n\n\n<p>Ap\u00f3s tr\u00eas temporadas no Athletico-PR, o atacante mudou-se para o Rio de Janeiro para integrar as divis\u00f5es de base do Flamengo. Desde sua chegada ao Ninho do Urubu, Ryan tornou-se uma pe\u00e7a fundamental, sendo um goleador. Na \u00faltima temporada, ele balan\u00e7ou as redes 22 vezes em 37 partidas, garantindo o posto de principal artilheiro tanto no Sub-17 quanto no Sub-20.<\/p>\n\n\n\n<p>Al\u00e9m disso, mesmo sendo mais novo que a maioria dos companheiros, foi pe\u00e7a importante na trajet\u00f3ria que levou o clube \u00e0 decis\u00e3o da Libertadores Sub-20 em 2026.<\/p>\n\n\n\n<p>Embora ainda aguarde uma sequ\u00eancia definitiva no time de cima, o jogador j\u00e1 sentiu o gosto de atuar no n\u00edvel principal. Sua estreia ocorreu durante o Campeonato Carioca de 2026, momento em que o Flamengo optou por escalar jovens promessas nas rodadas de abertura do torneio estadual.<\/p>\n","protected":false},"excerpt":{"rendered":"<p>A torcida do Flamengo pode se preparar para se despedir do jovem atacante Ryan Roberto, uma promessa da base rubro-negra de apenas 18 anos que se destacou na campanha do vice-campeonato da Libertadores sub-20. O atleta tem apenas dois jogos na equipe principal, mas j\u00e1 despertou o interesse do futebol europeu e est\u00e1 sendo negociado [&hellip;]<\/p>\n","protected":false},"author":20,"featured_media":19666,"comment_status":"open","ping_status":"open","sticky":false,"template":"","format":"standard","meta":{"jnews-multi-image_gallery":[],"jnews_single_post":{"format":"standard"},"jnews_primary_category":[],"jnews_social_meta":[],"jnews_post_split":[],"footnotes":""},"categories":[1],"tags":[],"class_list":["post-24029","post","type-post","status-publish","format-standard","has-post-thumbnail","hentry","category-geral"],"_links":{"self":[{"href":"https:\/\/tnh1.audiencelabs.com.br\/wp-json\/wp\/v2\/posts\/24029","targetHints":{"allow":["GET"]}}],"collection":[{"href":"https:\/\/tnh1.audiencelabs.com.br\/wp-json\/wp\/v2\/posts"}],"about":[{"href":"https:\/\/tnh1.audiencelabs.com.br\/wp-json\/wp\/v2\/types\/post"}],"author":[{"embeddable":true,"href":"https:\/\/tnh1.audiencelabs.com.br\/wp-json\/wp\/v2\/users\/20"}],"replies":[{"embeddable":true,"href":"https:\/\/tnh1.audiencelabs.com.br\/wp-json\/wp\/v2\/comments?post=24029"}],"version-history":[{"count":2,"href":"https:\/\/tnh1.audiencelabs.com.br\/wp-json\/wp\/v2\/posts\/24029\/revisions"}],"predecessor-version":[{"id":24040,"href":"https:\/\/tnh1.audiencelabs.com.br\/wp-json\/wp\/v2\/posts\/24029\/revisions\/24040"}],"wp:featuredmedia":[{"embeddable":true,"href":"https:\/\/tnh1.audiencelabs.com.br\/wp-json\/wp\/v2\/media\/19666"}],"wp:attachment":[{"href":"https:\/\/tnh1.audiencelabs.com.br\/wp-json\/wp\/v2\/media?parent=24029"}],"wp:term":[{"taxonomy":"category","embeddable":true,"href":"https:\/\/tnh1.audiencelabs.com.br\/wp-json\/wp\/v2\/categories?post=24029"},{"taxonomy":"post_tag","embeddable":true,"href":"https:\/\/tnh1.audiencelabs.com.br\/wp-json\/wp\/v2\/tags?post=24029"}],"curies":[{"name":"wp","href":"https:\/\/api.w.org\/{rel}","templated":true}]}}