{"id":24041,"date":"2026-04-30T09:02:06","date_gmt":"2026-04-30T12:02:06","guid":{"rendered":"https:\/\/tnh1.audiencelabs.com.br\/?p=24041"},"modified":"2026-04-30T09:03:12","modified_gmt":"2026-04-30T12:03:12","slug":"novo-projeto-esta-sendo-avaliado-e-brasil-pode-virar-o-primeiro-pais-da-america-latina-a-proibir-o-consumo-de-carne","status":"publish","type":"post","link":"https:\/\/tnh1.audiencelabs.com.br\/novo-projeto-esta-sendo-avaliado-e-brasil-pode-virar-o-primeiro-pais-da-america-latina-a-proibir-o-consumo-de-carne\/","title":{"rendered":"Novo projeto est\u00e1 sendo avaliado e Brasil pode virar o primeiro pa\u00eds da Am\u00e9rica Latina a proibir o consumo de carne"},"content":{"rendered":"\n<p>Um novo projeto aprovado na C\u00e2mara dos Deputados na ter\u00e7a-feira, 28, est\u00e1 sendo avaliado pelo Governo Federal e pode fazer com que o Brasil se tone o primeiro pa\u00eds da Am\u00e9rica Latina a proibir a produ\u00e7\u00e3o, comercializa\u00e7\u00e3o e, consequentemente, o consumo de um determinado tipo de carne: o foie gras, que \u00e9 produzido por meio do f\u00edgado de patos e gansos submetidos a um processo de engorda intensiva, o que intensionalmente provova a esteatose hep\u00e1tica, uma doen\u00e7a que causa o ac\u00famulo de gordura nesses \u00f3rg\u00e3os das aves. O objetivo \u00e9 aumentar o f\u00edgado do animal para vend\u00ea-lo.<\/p>\n\n\n\n<p>Simplificando, as aves s\u00e3o submetidas a ciclos de alimenta\u00e7\u00e3o for\u00e7ada com o uso de tubos inseridos na garganta. Isso tem sido alvo de cr\u00edticas de organiza\u00e7\u00f5es de prote\u00e7\u00e3o animal e de debates regulat\u00f3rios em diversos pa\u00edses.<\/p>\n\n\n\n<h2 class=\"wp-block-heading\">Por que o tema voltou \u00e0 pauta<\/h2>\n\n\n\n<p>A discuss\u00e3o n\u00e3o \u00e9 nova no Brasil, mas agora ganha escala nacional. Em 2015, a cidade de S\u00e3o Paulo tentou proibir a comercializa\u00e7\u00e3o do foie gras, mas a medida foi considerada inconstitucional por tratar de um tema que ultrapassa a compet\u00eancia municipal.<\/p>\n\n\n\n<p>O novo projeto resolve esse impasse ao deslocar a decis\u00e3o para o n\u00edvel federal, o que permite uniformizar a regra em todo o territ\u00f3rio nacional.<\/p>\n\n\n\n<h2 class=\"wp-block-heading\">O que pode acontecer a partir de agora<\/h2>\n\n\n\n<p>O projeto segue para san\u00e7\u00e3o presidencial. Caso seja aprovado, o Brasil pode se tornar o primeiro pa\u00eds da Am\u00e9rica Latina a adotar uma proibi\u00e7\u00e3o nacional desse tipo de produto. Al\u00e9m disso, o texto prev\u00ea penalidades baseadas na legisla\u00e7\u00e3o de crimes ambientais, o que inclui multas e at\u00e9 deten\u00e7\u00e3o de tr\u00eas meses a um ano e outras puni\u00e7\u00f5es administrativas em casos de descumprimento.<\/p>\n\n\n\n<p><strong>A poss\u00edvel proibi\u00e7\u00e3o gera efeitos em diferentes n\u00edveis:<\/strong><\/p>\n\n\n\n<ul class=\"wp-block-list\">\n<li><strong>Mercado gastron\u00f4mico:<\/strong> restaurantes e importadores deixam de operar com o produto<\/li>\n\n\n\n<li><strong>Regula\u00e7\u00e3o alimentar:<\/strong> refor\u00e7o de crit\u00e9rios ligados ao bem-estar animal<\/li>\n\n\n\n<li><strong>Posicionamento internacional: <\/strong>o Brasil passa a integrar o grupo de pa\u00edses que restringem esse tipo de pr\u00e1tica<\/li>\n<\/ul>\n","protected":false},"excerpt":{"rendered":"<p>Um novo projeto aprovado na C\u00e2mara dos Deputados na ter\u00e7a-feira, 28, est\u00e1 sendo avaliado pelo Governo Federal e pode fazer com que o Brasil se tone o primeiro pa\u00eds da Am\u00e9rica Latina a proibir a produ\u00e7\u00e3o, comercializa\u00e7\u00e3o e, consequentemente, o consumo de um determinado tipo de carne: o foie gras, que \u00e9 produzido por meio [&hellip;]<\/p>\n","protected":false},"author":20,"featured_media":24050,"comment_status":"open","ping_status":"open","sticky":false,"template":"","format":"standard","meta":{"jnews-multi-image_gallery":[],"jnews_single_post":{"format":"standard"},"jnews_primary_category":[],"jnews_social_meta":[],"jnews_post_split":[],"footnotes":""},"categories":[1],"tags":[],"class_list":["post-24041","post","type-post","status-publish","format-standard","has-post-thumbnail","hentry","category-geral"],"_links":{"self":[{"href":"https:\/\/tnh1.audiencelabs.com.br\/wp-json\/wp\/v2\/posts\/24041","targetHints":{"allow":["GET"]}}],"collection":[{"href":"https:\/\/tnh1.audiencelabs.com.br\/wp-json\/wp\/v2\/posts"}],"about":[{"href":"https:\/\/tnh1.audiencelabs.com.br\/wp-json\/wp\/v2\/types\/post"}],"author":[{"embeddable":true,"href":"https:\/\/tnh1.audiencelabs.com.br\/wp-json\/wp\/v2\/users\/20"}],"replies":[{"embeddable":true,"href":"https:\/\/tnh1.audiencelabs.com.br\/wp-json\/wp\/v2\/comments?post=24041"}],"version-history":[{"count":2,"href":"https:\/\/tnh1.audiencelabs.com.br\/wp-json\/wp\/v2\/posts\/24041\/revisions"}],"predecessor-version":[{"id":24053,"href":"https:\/\/tnh1.audiencelabs.com.br\/wp-json\/wp\/v2\/posts\/24041\/revisions\/24053"}],"wp:featuredmedia":[{"embeddable":true,"href":"https:\/\/tnh1.audiencelabs.com.br\/wp-json\/wp\/v2\/media\/24050"}],"wp:attachment":[{"href":"https:\/\/tnh1.audiencelabs.com.br\/wp-json\/wp\/v2\/media?parent=24041"}],"wp:term":[{"taxonomy":"category","embeddable":true,"href":"https:\/\/tnh1.audiencelabs.com.br\/wp-json\/wp\/v2\/categories?post=24041"},{"taxonomy":"post_tag","embeddable":true,"href":"https:\/\/tnh1.audiencelabs.com.br\/wp-json\/wp\/v2\/tags?post=24041"}],"curies":[{"name":"wp","href":"https:\/\/api.w.org\/{rel}","templated":true}]}}