{"id":24042,"date":"2026-04-30T18:03:00","date_gmt":"2026-04-30T21:03:00","guid":{"rendered":"https:\/\/tnh1.audiencelabs.com.br\/?p=24042"},"modified":"2026-04-30T08:51:06","modified_gmt":"2026-04-30T11:51:06","slug":"brasileiros-sao-alertados-sobre-paralisacao-dos-servicos-do-inss","status":"publish","type":"post","link":"https:\/\/tnh1.audiencelabs.com.br\/brasileiros-sao-alertados-sobre-paralisacao-dos-servicos-do-inss\/","title":{"rendered":"Brasileiros s\u00e3o alertados sobre paralisa\u00e7\u00e3o dos servi\u00e7os do INSS"},"content":{"rendered":"\n<p>Nesta sexta-feira, 1\u00ba de maio de 2026, as ag\u00eancias do Instituto Nacional do Seguro Social (INSS) em todo o Brasil estar\u00e3o <strong>fechadas <\/strong>devido ao <strong>feriado do Dia do Trabalhador.<\/strong> Esta medida afeta o atendimento presencial, que ser\u00e1 retomado na segunda-feira, 4 de maio.<\/p>\n\n\n\n<p>Durante o feriado, a <strong>Central 135<\/strong> oferecer\u00e1 apenas atendimento eletr\u00f4nico, voltando ao funcionamento humano no s\u00e1bado, 2 de maio, das 7h \u00e0s 22h.<\/p>\n\n\n\n<p>Usu\u00e1rios ainda podem acessar o <strong>site <\/strong>e o <strong>aplicativo Meu INSS,<\/strong> dispon\u00edveis 24 horas, para servi\u00e7os como consulta a benef\u00edcios e agendamentos. Este recurso digital \u00e9 uma op\u00e7\u00e3o vi\u00e1vel para quem precisa de informa\u00e7\u00f5es sem necessitar de atendimento presencial imediato.<\/p>\n\n\n\n<p>Para evitar transtornos, os benefici\u00e1rios do INSS devem se planejar antes do fechamento das ag\u00eancias. O uso das plataformas digitais Meu INSS \u00e9 recomendado para a\u00e7\u00f5es que podem ser realizadas remotamente.<\/p>\n\n\n\n<h2 class=\"wp-block-heading\">Correios e bancos fechados durante o feriado<\/h2>\n\n\n\n<p>No feriado de 1\u00ba de maio, o Dia do Trabalho impactar\u00e1 significativamente o funcionamento de servi\u00e7os essenciais em todo o Brasil. <strong>Bancos <\/strong>e <strong>Correios <\/strong>estar\u00e3o fechados, afetando milh\u00f5es de brasileiros.<\/p>\n\n\n\n<p>Durante esta data, opera\u00e7\u00f5es banc\u00e1rias presenciais n\u00e3o ocorrer\u00e3o, o atendimento para benef\u00edcios sociais ficar\u00e1 suspenso e os servi\u00e7os de correio n\u00e3o estar\u00e3o dispon\u00edveis.<\/p>\n\n\n\n<p>As contas de consumo, como \u00e1gua, luz e telefone, com vencimento em 1\u00ba de maio de 2026, podem ser pagas no pr\u00f3ximo dia \u00fatil, 4 de maio, sem multa adicional. Por\u00e9m, \u00e9 crucial que tributos e impostos sejam quitados at\u00e9 o prazo final para evitar encargos.<\/p>\n\n\n\n<p>A Federa\u00e7\u00e3o Brasileira de Bancos (Febraban) orienta os clientes a utilizar canais digitais, como internet banking, para gerenciar suas transa\u00e7\u00f5es financeiras.<\/p>\n\n\n\n<p>Apesar do fechamento f\u00edsico das ag\u00eancias, os servi\u00e7os digitais v\u00e3o continuar dispon\u00edveis. <strong>O Pix permitir\u00e1 transfer\u00eancias financeiras <\/strong>imediatas durante o feriado. No entanto, opera\u00e7\u00f5es via TED estar\u00e3o pausadas. Clientes s\u00e3o incentivados a acessar aplicativos banc\u00e1rios para realizar opera\u00e7\u00f5es financeiras com maior comodidade.<\/p>\n","protected":false},"excerpt":{"rendered":"<p>Motiva\u00e7\u00e3o foi explicada. Confira detalhes.<\/p>\n","protected":false},"author":8,"featured_media":10699,"comment_status":"open","ping_status":"open","sticky":false,"template":"","format":"standard","meta":{"jnews-multi-image_gallery":[],"jnews_single_post":{"format":"standard"},"jnews_primary_category":[],"jnews_social_meta":[],"jnews_post_split":[],"footnotes":""},"categories":[1],"tags":[],"class_list":["post-24042","post","type-post","status-publish","format-standard","has-post-thumbnail","hentry","category-geral"],"_links":{"self":[{"href":"https:\/\/tnh1.audiencelabs.com.br\/wp-json\/wp\/v2\/posts\/24042","targetHints":{"allow":["GET"]}}],"collection":[{"href":"https:\/\/tnh1.audiencelabs.com.br\/wp-json\/wp\/v2\/posts"}],"about":[{"href":"https:\/\/tnh1.audiencelabs.com.br\/wp-json\/wp\/v2\/types\/post"}],"author":[{"embeddable":true,"href":"https:\/\/tnh1.audiencelabs.com.br\/wp-json\/wp\/v2\/users\/8"}],"replies":[{"embeddable":true,"href":"https:\/\/tnh1.audiencelabs.com.br\/wp-json\/wp\/v2\/comments?post=24042"}],"version-history":[{"count":2,"href":"https:\/\/tnh1.audiencelabs.com.br\/wp-json\/wp\/v2\/posts\/24042\/revisions"}],"predecessor-version":[{"id":24044,"href":"https:\/\/tnh1.audiencelabs.com.br\/wp-json\/wp\/v2\/posts\/24042\/revisions\/24044"}],"wp:featuredmedia":[{"embeddable":true,"href":"https:\/\/tnh1.audiencelabs.com.br\/wp-json\/wp\/v2\/media\/10699"}],"wp:attachment":[{"href":"https:\/\/tnh1.audiencelabs.com.br\/wp-json\/wp\/v2\/media?parent=24042"}],"wp:term":[{"taxonomy":"category","embeddable":true,"href":"https:\/\/tnh1.audiencelabs.com.br\/wp-json\/wp\/v2\/categories?post=24042"},{"taxonomy":"post_tag","embeddable":true,"href":"https:\/\/tnh1.audiencelabs.com.br\/wp-json\/wp\/v2\/tags?post=24042"}],"curies":[{"name":"wp","href":"https:\/\/api.w.org\/{rel}","templated":true}]}}