{"id":24045,"date":"2026-04-30T11:03:00","date_gmt":"2026-04-30T14:03:00","guid":{"rendered":"https:\/\/tnh1.audiencelabs.com.br\/?p=24045"},"modified":"2026-04-30T09:03:29","modified_gmt":"2026-04-30T12:03:29","slug":"decreto-em-2026-vai-fazer-com-que-supermercados-fechem-as-portas-no-brasil-durante-o-mes-de-maio","status":"publish","type":"post","link":"https:\/\/tnh1.audiencelabs.com.br\/decreto-em-2026-vai-fazer-com-que-supermercados-fechem-as-portas-no-brasil-durante-o-mes-de-maio\/","title":{"rendered":"Decreto em 2026 vai fazer com que supermercados fechem as portas no Brasil durante o m\u00eas de maio"},"content":{"rendered":"\n<p>No dia <strong>1\u00ba de maio<\/strong> de 2026, o <strong>feriado do Dia do Trabalhador <\/strong>vai modificar o funcionamento de diversos servi\u00e7os em Natal. Decis\u00f5es tomadas pela C\u00e2mara de Dirigentes Lojistas de Natal (CDL Natal), em conson\u00e2ncia com conven\u00e7\u00f5es coletivas de trabalho, indicam que <strong>supermercados, bancos<\/strong> e <strong>lojas de rua,<\/strong> como nas \u00e1reas do Alecrim, Centro da Cidade e Zona Norte, permanecer\u00e3o fechados.<\/p>\n\n\n\n<p>Esta pausa visa garantir o repouso e as comemora\u00e7\u00f5es relacionadas \u00e0 data.<\/p>\n\n\n\n<p>A popula\u00e7\u00e3o de Natal deve estar ciente dessas altera\u00e7\u00f5es para planejar suas compras e atividades. Enquanto os estabelecimentos comerciais de rua estar\u00e3o fechados, os principais shoppings da cidade, como o Midway Mall e o Partage Norte Shopping, manter\u00e3o suas pra\u00e7as de alimenta\u00e7\u00e3o e \u00e1reas de lazer em funcionamento das 11h \u00e0s 22h.<\/p>\n\n\n\n<p>J\u00e1 o Natal Shopping ter\u00e1 opera\u00e7\u00f5es limitadas nas mesmas \u00e1reas das 11h \u00e0s 21h. Os cinemas continuar\u00e3o com suas programa\u00e7\u00f5es normais, oferecendo op\u00e7\u00f5es de entretenimento aos visitantes.<\/p>\n\n\n\n<p>O Dia do Trabalho no Brasil foi institu\u00eddo como feriado nacional pelo <strong>Decreto n\u00ba 4.859,<\/strong> de 26 de setembro de 1924, assinado pelo ent\u00e3o presidente Artur Bernardes.<\/p>\n\n\n\n<h2 class=\"wp-block-heading\">Academias e restaurantes<\/h2>\n\n\n\n<p>Algumas <strong>academias <\/strong>podem abrir as portas. No entanto, \u00e9 importante que os interessados<strong> confirmem diretamente com cada academia <\/strong>antes de planejar suas atividades f\u00edsicas no feriado.<\/p>\n\n\n\n<p>Embora os supermercados e bancos paralisem suas atividades normais durante o feriado, as pra\u00e7as de alimenta\u00e7\u00e3o dos shoppings oferecem alternativas para quem deseja aproveitar o feriado. Estas \u00e1reas funcionar\u00e3o normalmente, mas \u00e9 recomendado checar os hor\u00e1rios espec\u00edficos de funcionamento diretamente nos estabelecimentos.<\/p>\n\n\n\n<p>O fechamento de supermercados afeta o abastecimento na cidade durante o dia 1\u00ba de maio. Da mesma forma, a suspens\u00e3o das atividades banc\u00e1rias pressiona a necessidade de planejamento antecipado para opera\u00e7\u00f5es financeiras.<\/p>\n","protected":false},"excerpt":{"rendered":"<p>O fechamento de supermercados pode afetar abastecimento. Confira detalhes.<\/p>\n","protected":false},"author":8,"featured_media":3920,"comment_status":"open","ping_status":"open","sticky":false,"template":"","format":"standard","meta":{"jnews-multi-image_gallery":[],"jnews_single_post":{"format":"standard"},"jnews_primary_category":[],"jnews_social_meta":[],"jnews_post_split":[],"footnotes":""},"categories":[1],"tags":[],"class_list":["post-24045","post","type-post","status-publish","format-standard","has-post-thumbnail","hentry","category-geral"],"_links":{"self":[{"href":"https:\/\/tnh1.audiencelabs.com.br\/wp-json\/wp\/v2\/posts\/24045","targetHints":{"allow":["GET"]}}],"collection":[{"href":"https:\/\/tnh1.audiencelabs.com.br\/wp-json\/wp\/v2\/posts"}],"about":[{"href":"https:\/\/tnh1.audiencelabs.com.br\/wp-json\/wp\/v2\/types\/post"}],"author":[{"embeddable":true,"href":"https:\/\/tnh1.audiencelabs.com.br\/wp-json\/wp\/v2\/users\/8"}],"replies":[{"embeddable":true,"href":"https:\/\/tnh1.audiencelabs.com.br\/wp-json\/wp\/v2\/comments?post=24045"}],"version-history":[{"count":2,"href":"https:\/\/tnh1.audiencelabs.com.br\/wp-json\/wp\/v2\/posts\/24045\/revisions"}],"predecessor-version":[{"id":24056,"href":"https:\/\/tnh1.audiencelabs.com.br\/wp-json\/wp\/v2\/posts\/24045\/revisions\/24056"}],"wp:featuredmedia":[{"embeddable":true,"href":"https:\/\/tnh1.audiencelabs.com.br\/wp-json\/wp\/v2\/media\/3920"}],"wp:attachment":[{"href":"https:\/\/tnh1.audiencelabs.com.br\/wp-json\/wp\/v2\/media?parent=24045"}],"wp:term":[{"taxonomy":"category","embeddable":true,"href":"https:\/\/tnh1.audiencelabs.com.br\/wp-json\/wp\/v2\/categories?post=24045"},{"taxonomy":"post_tag","embeddable":true,"href":"https:\/\/tnh1.audiencelabs.com.br\/wp-json\/wp\/v2\/tags?post=24045"}],"curies":[{"name":"wp","href":"https:\/\/api.w.org\/{rel}","templated":true}]}}