{"id":24054,"date":"2026-04-30T13:09:00","date_gmt":"2026-04-30T16:09:00","guid":{"rendered":"https:\/\/tnh1.audiencelabs.com.br\/?p=24054"},"modified":"2026-04-30T09:28:20","modified_gmt":"2026-04-30T12:28:20","slug":"fifa-anuncia-nova-data-para-a-copa-do-mundo-e-torneio-sera-disputado-em-dezembro","status":"publish","type":"post","link":"https:\/\/tnh1.audiencelabs.com.br\/fifa-anuncia-nova-data-para-a-copa-do-mundo-e-torneio-sera-disputado-em-dezembro\/","title":{"rendered":"FIFA anuncia nova data para a Copa do Mundo e torneio ser\u00e1 disputado em dezembro"},"content":{"rendered":"\n<p>Na quarta-feira, 29, a FIFA e o Comit\u00ea Organizador Local para Eventos de Futebol (LOC) anunciaram uma nova data para a Copa do Mundo Sub-17. Agora, oficialmente, est\u00e1 definido que o torneio ser\u00e1 realizado de 19 de novembro a 13 de dezembro, no Catar.<\/p>\n\n\n\n<p>Ao todo, ser\u00e3o 48 sele\u00e7\u00f5es que v\u00e3o disputar a competi\u00e7\u00e3o no Complexo Esportivo Aspire Zone. A final ocorre no Est\u00e1dio Internacional Khalifa, que celebra o anivers\u00e1rio de 50 anos de sua inaugura\u00e7\u00e3o.<\/p>\n\n\n\n<p>Tetracampe\u00e3o da Copa do Mundo sub-17, o Brasil foi eliminado na semifinal da \u00faltima edi\u00e7\u00e3o do torneio ap\u00f3s derrota nos p\u00eanaltis para Portugal, que venceu a competi\u00e7\u00e3o.<\/p>\n\n\n\n<h2 class=\"wp-block-heading\">O que muda na pr\u00e1tica com a nova data<\/h2>\n\n\n\n<p>A principal altera\u00e7\u00e3o est\u00e1 no posicionamento do torneio dentro da temporada. Ao levar o Mundial Sub-17 para o per\u00edodo entre novembro e dezembro, a FIFA aproxima o torneio de um cen\u00e1rio semelhante ao da Copa do Mundo principal de 2022, tamb\u00e9m realizada no fim do ano.<\/p>\n\n\n\n<p>Na pr\u00e1tica, isso significa adapta\u00e7\u00e3o dos calend\u00e1rios nacionais, ajuste na prepara\u00e7\u00e3o das sele\u00e7\u00f5es e reorganiza\u00e7\u00e3o de competi\u00e7\u00f5es de base ao redor do torneio; ou seja, n\u00e3o \u00e9 apenas uma mudan\u00e7a de data, mas de encaixe estrutural dentro do calend\u00e1rio global.<\/p>\n\n\n\n<h2 class=\"wp-block-heading\">Sobre a competi\u00e7\u00e3o<\/h2>\n\n\n\n<p>O sorteio para a Copa do Mundo sub-17 acontece no dia 21 de maio em Zurique, na Su\u00ed\u00e7a. Ao todo, ser\u00e3o 103 jogos disputados na Aspire Zone. J\u00e1 a final, como citado acima, acontecer\u00e1 no Est\u00e1dio Internacional Khalifa.<\/p>\n\n\n\n<h2 class=\"wp-block-heading\">O que esperar da edi\u00e7\u00e3o de 2026<\/h2>\n\n\n\n<p>A edi\u00e7\u00e3o de 2026 ser\u00e1 a segunda dentro do formato anual e expandido, reunindo 48 sele\u00e7\u00f5es no Catar. Com isso, o torneio tende a manter a l\u00f3gica observada na edi\u00e7\u00e3o anterior: concentra\u00e7\u00e3o de jogos em um mesmo complexo esportivo e foco na observa\u00e7\u00e3o de novos talentos por clubes e olheiros internacionais.<\/p>\n\n\n\n<p>Na pr\u00e1tica, a mudan\u00e7a de data n\u00e3o altera apenas \u201cquando\u201d o torneio acontece, ela redefine como ele se encaixa no sistema global do futebol de base.<\/p>\n","protected":false},"excerpt":{"rendered":"<p>Na quarta-feira, 29, a FIFA e o Comit\u00ea Organizador Local para Eventos de Futebol (LOC) anunciaram uma nova data para a Copa do Mundo Sub-17. Agora, oficialmente, est\u00e1 definido que o torneio ser\u00e1 realizado de 19 de novembro a 13 de dezembro, no Catar. Ao todo, ser\u00e3o 48 sele\u00e7\u00f5es que v\u00e3o disputar a competi\u00e7\u00e3o no [&hellip;]<\/p>\n","protected":false},"author":20,"featured_media":21216,"comment_status":"open","ping_status":"open","sticky":false,"template":"","format":"standard","meta":{"jnews-multi-image_gallery":[],"jnews_single_post":{"format":"standard"},"jnews_primary_category":[],"jnews_social_meta":[],"jnews_post_split":[],"footnotes":""},"categories":[1],"tags":[],"class_list":["post-24054","post","type-post","status-publish","format-standard","has-post-thumbnail","hentry","category-geral"],"_links":{"self":[{"href":"https:\/\/tnh1.audiencelabs.com.br\/wp-json\/wp\/v2\/posts\/24054","targetHints":{"allow":["GET"]}}],"collection":[{"href":"https:\/\/tnh1.audiencelabs.com.br\/wp-json\/wp\/v2\/posts"}],"about":[{"href":"https:\/\/tnh1.audiencelabs.com.br\/wp-json\/wp\/v2\/types\/post"}],"author":[{"embeddable":true,"href":"https:\/\/tnh1.audiencelabs.com.br\/wp-json\/wp\/v2\/users\/20"}],"replies":[{"embeddable":true,"href":"https:\/\/tnh1.audiencelabs.com.br\/wp-json\/wp\/v2\/comments?post=24054"}],"version-history":[{"count":1,"href":"https:\/\/tnh1.audiencelabs.com.br\/wp-json\/wp\/v2\/posts\/24054\/revisions"}],"predecessor-version":[{"id":24058,"href":"https:\/\/tnh1.audiencelabs.com.br\/wp-json\/wp\/v2\/posts\/24054\/revisions\/24058"}],"wp:featuredmedia":[{"embeddable":true,"href":"https:\/\/tnh1.audiencelabs.com.br\/wp-json\/wp\/v2\/media\/21216"}],"wp:attachment":[{"href":"https:\/\/tnh1.audiencelabs.com.br\/wp-json\/wp\/v2\/media?parent=24054"}],"wp:term":[{"taxonomy":"category","embeddable":true,"href":"https:\/\/tnh1.audiencelabs.com.br\/wp-json\/wp\/v2\/categories?post=24054"},{"taxonomy":"post_tag","embeddable":true,"href":"https:\/\/tnh1.audiencelabs.com.br\/wp-json\/wp\/v2\/tags?post=24054"}],"curies":[{"name":"wp","href":"https:\/\/api.w.org\/{rel}","templated":true}]}}