{"id":24055,"date":"2026-04-30T14:02:00","date_gmt":"2026-04-30T17:02:00","guid":{"rendered":"https:\/\/tnh1.audiencelabs.com.br\/?p=24055"},"modified":"2026-04-30T09:30:26","modified_gmt":"2026-04-30T12:30:26","slug":"michael-jackson-esta-vivo-vidente-faz-previsao-e-diz-quando-o-cantor-vai-voltar","status":"publish","type":"post","link":"https:\/\/tnh1.audiencelabs.com.br\/michael-jackson-esta-vivo-vidente-faz-previsao-e-diz-quando-o-cantor-vai-voltar\/","title":{"rendered":"Michael Jackson est\u00e1 vivo? Vidente faz previs\u00e3o e diz quando o cantor vai voltar"},"content":{"rendered":"\n<p>Para muitas pessoas, o dia 25 de junho de 2009 continua sendo uma data extremamente triste, levando em conta que trata-se do dia em que <strong>o mundo se despediu do Rei do Pop, Michael Jackson<\/strong>.<\/p>\n\n\n\n<p>De acordo com informa\u00e7\u00f5es divulgadas alguns anos depois, o cantor teria falecido por conta de uma intoxica\u00e7\u00e3o aguda causada por anest\u00e9sicos. No entanto, para a m\u00e9dium Lene Sensitiva, <strong>as not\u00edcias podem estar totalmente incorretas<\/strong>.<\/p>\n\n\n\n<p>Isso porque, durante uma entrevista recente, concedida ao podcast <em>Chupim<\/em>, da r\u00e1dio Metropolitana FM, ela reacendeu teorias de que Michael n\u00e3o s\u00f3 estaria vivo, como <strong>teria planos para voltar a aparecer publicamente <\/strong>muito em breve.<\/p>\n\n\n\n<p>Lene tamb\u00e9m afirmou que o Rei do Pop teria at\u00e9 mesmo <strong>comparecido em sua pr\u00f3pria cerim\u00f4nia de despedida<\/strong>. Na ocasi\u00e3o, ele teria utilizado diversos disfarces, incluindo roupas femininas, para se misturar com o p\u00fablico.<\/p>\n\n\n\n<p>A vidente tamb\u00e9m afirmou que pessoas pr\u00f3ximas do artista, como familiares e amigos, <strong>n\u00e3o s\u00f3 sabiam da opera\u00e7\u00e3o como ainda teriam colaborado para manter o segredo preservado<\/strong>, e que o comportamento &#8220;controlado&#8221; desses indiv\u00edduos no funeral de Michael revela essa informa\u00e7\u00e3o.<\/p>\n\n\n\n<h2 class=\"wp-block-heading\">Caso Epstein: vidente revela que Michael Jackson decidiu se isolar para se proteger<\/h2>\n\n\n\n<p>Ainda durante a entrevista, Lene explicou que a suposta estrat\u00e9gia de Michael teria sido adotada por quest\u00f5es de seguran\u00e7a, j\u00e1 que, segundo ela, o cantor teria <strong>descoberto atividades suspeitas ligadas ao esquema criminoso do financista Jeffrey Epstein<\/strong>.<\/p>\n\n\n\n<p>A rela\u00e7\u00e3o entre o Rei do Pop e o criminoso sexual ainda \u00e9 envolta em mist\u00e9rios, pois embora uma foto em que os dois aparecem juntos tenha surgido entre os chamados &#8220;Arquivos Epstein&#8221;, n\u00e3o h\u00e1 nenhuma informa\u00e7\u00e3o que esclare\u00e7a o encontro.<\/p>\n\n\n\n<p>Em depoimento, uma das v\u00edtimas de Epstein chegou a afirmar que n\u00e3o h\u00e1 como confirmar o envolvimento de Michael nas opera\u00e7\u00f5es do financista. Portanto, at\u00e9 o momento, sabe-se apenas que o artista poderia frequentar c\u00edrculos sociais em comum.<\/p>\n","protected":false},"excerpt":{"rendered":"<p>Para muitas pessoas, o dia 25 de junho de 2009 continua sendo uma data extremamente triste, levando em conta que trata-se do dia em que o mundo se despediu do Rei do Pop, Michael Jackson. De acordo com informa\u00e7\u00f5es divulgadas alguns anos depois, o cantor teria falecido por conta de uma intoxica\u00e7\u00e3o aguda causada por [&hellip;]<\/p>\n","protected":false},"author":19,"featured_media":24057,"comment_status":"open","ping_status":"open","sticky":false,"template":"","format":"standard","meta":{"jnews-multi-image_gallery":[],"jnews_single_post":{"format":"standard"},"jnews_primary_category":[],"jnews_social_meta":[],"jnews_post_split":[],"footnotes":""},"categories":[1],"tags":[],"class_list":["post-24055","post","type-post","status-publish","format-standard","has-post-thumbnail","hentry","category-geral"],"_links":{"self":[{"href":"https:\/\/tnh1.audiencelabs.com.br\/wp-json\/wp\/v2\/posts\/24055","targetHints":{"allow":["GET"]}}],"collection":[{"href":"https:\/\/tnh1.audiencelabs.com.br\/wp-json\/wp\/v2\/posts"}],"about":[{"href":"https:\/\/tnh1.audiencelabs.com.br\/wp-json\/wp\/v2\/types\/post"}],"author":[{"embeddable":true,"href":"https:\/\/tnh1.audiencelabs.com.br\/wp-json\/wp\/v2\/users\/19"}],"replies":[{"embeddable":true,"href":"https:\/\/tnh1.audiencelabs.com.br\/wp-json\/wp\/v2\/comments?post=24055"}],"version-history":[{"count":1,"href":"https:\/\/tnh1.audiencelabs.com.br\/wp-json\/wp\/v2\/posts\/24055\/revisions"}],"predecessor-version":[{"id":24060,"href":"https:\/\/tnh1.audiencelabs.com.br\/wp-json\/wp\/v2\/posts\/24055\/revisions\/24060"}],"wp:featuredmedia":[{"embeddable":true,"href":"https:\/\/tnh1.audiencelabs.com.br\/wp-json\/wp\/v2\/media\/24057"}],"wp:attachment":[{"href":"https:\/\/tnh1.audiencelabs.com.br\/wp-json\/wp\/v2\/media?parent=24055"}],"wp:term":[{"taxonomy":"category","embeddable":true,"href":"https:\/\/tnh1.audiencelabs.com.br\/wp-json\/wp\/v2\/categories?post=24055"},{"taxonomy":"post_tag","embeddable":true,"href":"https:\/\/tnh1.audiencelabs.com.br\/wp-json\/wp\/v2\/tags?post=24055"}],"curies":[{"name":"wp","href":"https:\/\/api.w.org\/{rel}","templated":true}]}}