{"id":24070,"date":"2026-04-30T10:44:00","date_gmt":"2026-04-30T13:44:00","guid":{"rendered":"https:\/\/tnh1.audiencelabs.com.br\/?p=24070"},"modified":"2026-04-30T10:29:04","modified_gmt":"2026-04-30T13:29:04","slug":"especialistas-pedem-que-brasileiros-se-preparem-para-o-que-vai-acontecer-com-o-clima-no-feriado-do-01-05","status":"publish","type":"post","link":"https:\/\/tnh1.audiencelabs.com.br\/especialistas-pedem-que-brasileiros-se-preparem-para-o-que-vai-acontecer-com-o-clima-no-feriado-do-01-05\/","title":{"rendered":"Especialistas pedem que brasileiros se preparem para o que vai acontecer com o clima no feriado do 01\/05"},"content":{"rendered":"\n<p>Com base em dados do ClimaTempo, especialistas alertam que o feriado prolongado do Dia do Trabalho, em 1\u00ba de maio, ser\u00e1 marcado por mudan\u00e7as bruscas no clima em diferentes regi\u00f5es do pa\u00eds. <\/p>\n\n\n\n<p>Enquanto algumas \u00e1reas ter\u00e3o calor e tempo firme, outras devem enfrentar temporais, ventos intensos e queda acentuada de temperatura \u2014 cen\u00e1rio que exige aten\u00e7\u00e3o de quem pretende viajar.<\/p>\n\n\n\n<h2 class=\"wp-block-heading\">Frente fria, chuvas intensas e varia\u00e7\u00f5es de temperatura marcam o feriado<\/h2>\n\n\n\n<p>A principal mudan\u00e7a vem da chegada de uma frente fria ao Sul do Brasil, associada a um ciclone extratropical no oceano e a uma massa de ar polar. O sistema deve provocar chuvas fortes, rajadas de vento e frio intenso, especialmente no Rio Grande do Sul, onde os acumulados podem ser elevados j\u00e1 na sexta-feira (1\u00ba). Ao longo do fim de semana, o avan\u00e7o do ar frio mant\u00e9m as temperaturas baixas e o tempo inst\u00e1vel em parte da regi\u00e3o.<\/p>\n\n\n\n<p>No Sudeste, o feriado come\u00e7a com sol e calor acima da m\u00e9dia, mas o cen\u00e1rio muda gradualmente. A partir de s\u00e1bado (2), \u00e1reas de S\u00e3o Paulo e do Rio de Janeiro passam a registrar aumento de nuvens e pancadas de chuva. No domingo (3), a entrada do ar frio derruba as temperaturas, principalmente na capital paulista, onde o dia deve ser mais fechado e \u00famido.<\/p>\n\n\n\n<p>J\u00e1 no Centro-Oeste, a tend\u00eancia \u00e9 de tempo firme e seco na maior parte dos estados, com calor predominando e baixa chance de chuva, inclusive no Distrito Federal. No Nordeste, a previs\u00e3o indica chuvas frequentes no litoral e no norte da regi\u00e3o, enquanto o interior segue mais quente e seco.<\/p>\n\n\n\n<p>Na Regi\u00e3o Norte, o padr\u00e3o t\u00edpico de calor e alta umidade favorece pancadas de chuva ao longo de todo o feriado, com risco de temporais em capitais como Manaus e Bel\u00e9m.<\/p>\n","protected":false},"excerpt":{"rendered":"<p>Com base em dados do ClimaTempo, especialistas alertam que o feriado prolongado do Dia do Trabalho, em 1\u00ba de maio, ser\u00e1 marcado por mudan\u00e7as bruscas no clima em diferentes regi\u00f5es do pa\u00eds. Enquanto algumas \u00e1reas ter\u00e3o calor e tempo firme, outras devem enfrentar temporais, ventos intensos e queda acentuada de temperatura \u2014 cen\u00e1rio que exige [&hellip;]<\/p>\n","protected":false},"author":7,"featured_media":24074,"comment_status":"open","ping_status":"open","sticky":false,"template":"","format":"standard","meta":{"jnews-multi-image_gallery":[],"jnews_single_post":{"format":"standard"},"jnews_primary_category":[],"jnews_social_meta":[],"jnews_post_split":[],"footnotes":""},"categories":[1],"tags":[],"class_list":["post-24070","post","type-post","status-publish","format-standard","has-post-thumbnail","hentry","category-geral"],"_links":{"self":[{"href":"https:\/\/tnh1.audiencelabs.com.br\/wp-json\/wp\/v2\/posts\/24070","targetHints":{"allow":["GET"]}}],"collection":[{"href":"https:\/\/tnh1.audiencelabs.com.br\/wp-json\/wp\/v2\/posts"}],"about":[{"href":"https:\/\/tnh1.audiencelabs.com.br\/wp-json\/wp\/v2\/types\/post"}],"author":[{"embeddable":true,"href":"https:\/\/tnh1.audiencelabs.com.br\/wp-json\/wp\/v2\/users\/7"}],"replies":[{"embeddable":true,"href":"https:\/\/tnh1.audiencelabs.com.br\/wp-json\/wp\/v2\/comments?post=24070"}],"version-history":[{"count":1,"href":"https:\/\/tnh1.audiencelabs.com.br\/wp-json\/wp\/v2\/posts\/24070\/revisions"}],"predecessor-version":[{"id":24075,"href":"https:\/\/tnh1.audiencelabs.com.br\/wp-json\/wp\/v2\/posts\/24070\/revisions\/24075"}],"wp:featuredmedia":[{"embeddable":true,"href":"https:\/\/tnh1.audiencelabs.com.br\/wp-json\/wp\/v2\/media\/24074"}],"wp:attachment":[{"href":"https:\/\/tnh1.audiencelabs.com.br\/wp-json\/wp\/v2\/media?parent=24070"}],"wp:term":[{"taxonomy":"category","embeddable":true,"href":"https:\/\/tnh1.audiencelabs.com.br\/wp-json\/wp\/v2\/categories?post=24070"},{"taxonomy":"post_tag","embeddable":true,"href":"https:\/\/tnh1.audiencelabs.com.br\/wp-json\/wp\/v2\/tags?post=24070"}],"curies":[{"name":"wp","href":"https:\/\/api.w.org\/{rel}","templated":true}]}}