{"id":24081,"date":"2026-04-30T15:37:00","date_gmt":"2026-04-30T18:37:00","guid":{"rendered":"https:\/\/tnh1.audiencelabs.com.br\/?p=24081"},"modified":"2026-04-30T11:18:35","modified_gmt":"2026-04-30T14:18:35","slug":"platao-filosofo-grego-a-pobreza-nao-vem-pela-diminuicao-das-riquezas-mas-pela-multiplicacao-dos-desejos","status":"publish","type":"post","link":"https:\/\/tnh1.audiencelabs.com.br\/platao-filosofo-grego-a-pobreza-nao-vem-pela-diminuicao-das-riquezas-mas-pela-multiplicacao-dos-desejos\/","title":{"rendered":"Plat\u00e3o, fil\u00f3sofo grego: \u201cA pobreza n\u00e3o vem pela diminui\u00e7\u00e3o das riquezas, mas pela multiplica\u00e7\u00e3o dos desejos\u201d"},"content":{"rendered":"\n<p>A frase atribu\u00edda ao fil\u00f3sofo Plat\u00e3o tem atravessado s\u00e9culos ao propor uma reflex\u00e3o que vai al\u00e9m do senso comum sobre riqueza e escassez. Em vez de associar pobreza apenas \u00e0 falta de recursos, o pensamento desloca o debate para um campo menos vis\u00edvel: a rela\u00e7\u00e3o entre o que se tem e o que se deseja.<\/p>\n\n\n\n<p>Na filosofia de Plat\u00e3o, a ideia de pobreza est\u00e1 ligada ao desequil\u00edbrio entre expectativas e realidade. Isso significa que a sensa\u00e7\u00e3o de car\u00eancia pode surgir mesmo em contextos de abund\u00e2ncia, caso os desejos cres\u00e7am em ritmo mais acelerado do que a capacidade de satisfaz\u00ea-los.<\/p>\n\n\n\n<h2 class=\"wp-block-heading\">Plat\u00e3o: desejo redefine o que \u00e9 suficiente<\/h2>\n\n\n\n<p>O racioc\u00ednio ajuda a explicar por que, em diferentes contextos sociais, pessoas com condi\u00e7\u00f5es materiais semelhantes podem ter percep\u00e7\u00f5es opostas sobre bem-estar. A diferen\u00e7a estaria menos na quantidade de bens e mais na forma como cada indiv\u00edduo estabelece seus par\u00e2metros de satisfa\u00e7\u00e3o.<\/p>\n\n\n\n<p>Na pr\u00e1tica, quanto maior a dist\u00e2ncia entre o que se possui e o que se almeja, maior tende a ser a percep\u00e7\u00e3o de falta. Esse mecanismo, segundo a leitura filos\u00f3fica, cria um ciclo cont\u00ednuo: novas conquistas n\u00e3o necessariamente encerram o sentimento de insufici\u00eancia, j\u00e1 que novos desejos passam a ocupar o lugar dos anteriores.<\/p>\n\n\n\n<p>Embora formulada na Gr\u00e9cia Antiga, a ideia dialoga com quest\u00f5es contempor\u00e2neas. Em um cen\u00e1rio marcado pelo consumo ampliado e pela influ\u00eancia digital, a no\u00e7\u00e3o de \u201cnecess\u00e1rio\u201d se expande constantemente, incorporando tecnologias, servi\u00e7os e padr\u00f5es de vida que se renovam com rapidez.<\/p>\n\n\n\n<p>Nesse contexto, a reflex\u00e3o de Plat\u00e3o n\u00e3o elimina a import\u00e2ncia das condi\u00e7\u00f5es materiais, mas sugere um complemento: o bem-estar tamb\u00e9m depende de como os desejos s\u00e3o organizados. Ao apontar a modera\u00e7\u00e3o como caminho, o fil\u00f3sofo indica que o equil\u00edbrio entre expectativa e realidade pode ser determinante para a forma como a pobreza \u2014 ou a riqueza \u2014 \u00e9 percebida no cotidiano.<\/p>\n","protected":false},"excerpt":{"rendered":"<p>A frase atribu\u00edda ao fil\u00f3sofo Plat\u00e3o tem atravessado s\u00e9culos ao propor uma reflex\u00e3o que vai al\u00e9m do senso comum sobre riqueza e escassez. Em vez de associar pobreza apenas \u00e0 falta de recursos, o pensamento desloca o debate para um campo menos vis\u00edvel: a rela\u00e7\u00e3o entre o que se tem e o que se deseja. [&hellip;]<\/p>\n","protected":false},"author":7,"featured_media":24095,"comment_status":"open","ping_status":"open","sticky":false,"template":"","format":"standard","meta":{"jnews-multi-image_gallery":[],"jnews_single_post":{"format":"standard"},"jnews_primary_category":[],"jnews_social_meta":[],"jnews_post_split":[],"footnotes":""},"categories":[1],"tags":[],"class_list":["post-24081","post","type-post","status-publish","format-standard","has-post-thumbnail","hentry","category-geral"],"_links":{"self":[{"href":"https:\/\/tnh1.audiencelabs.com.br\/wp-json\/wp\/v2\/posts\/24081","targetHints":{"allow":["GET"]}}],"collection":[{"href":"https:\/\/tnh1.audiencelabs.com.br\/wp-json\/wp\/v2\/posts"}],"about":[{"href":"https:\/\/tnh1.audiencelabs.com.br\/wp-json\/wp\/v2\/types\/post"}],"author":[{"embeddable":true,"href":"https:\/\/tnh1.audiencelabs.com.br\/wp-json\/wp\/v2\/users\/7"}],"replies":[{"embeddable":true,"href":"https:\/\/tnh1.audiencelabs.com.br\/wp-json\/wp\/v2\/comments?post=24081"}],"version-history":[{"count":1,"href":"https:\/\/tnh1.audiencelabs.com.br\/wp-json\/wp\/v2\/posts\/24081\/revisions"}],"predecessor-version":[{"id":24096,"href":"https:\/\/tnh1.audiencelabs.com.br\/wp-json\/wp\/v2\/posts\/24081\/revisions\/24096"}],"wp:featuredmedia":[{"embeddable":true,"href":"https:\/\/tnh1.audiencelabs.com.br\/wp-json\/wp\/v2\/media\/24095"}],"wp:attachment":[{"href":"https:\/\/tnh1.audiencelabs.com.br\/wp-json\/wp\/v2\/media?parent=24081"}],"wp:term":[{"taxonomy":"category","embeddable":true,"href":"https:\/\/tnh1.audiencelabs.com.br\/wp-json\/wp\/v2\/categories?post=24081"},{"taxonomy":"post_tag","embeddable":true,"href":"https:\/\/tnh1.audiencelabs.com.br\/wp-json\/wp\/v2\/tags?post=24081"}],"curies":[{"name":"wp","href":"https:\/\/api.w.org\/{rel}","templated":true}]}}