{"id":24088,"date":"2026-04-30T21:23:00","date_gmt":"2026-05-01T00:23:00","guid":{"rendered":"https:\/\/tnh1.audiencelabs.com.br\/?p=24088"},"modified":"2026-04-30T11:36:39","modified_gmt":"2026-04-30T14:36:39","slug":"justica-bate-o-martelo-e-determina-que-prisoes-estao-proibidas-no-brasil","status":"publish","type":"post","link":"https:\/\/tnh1.audiencelabs.com.br\/justica-bate-o-martelo-e-determina-que-prisoes-estao-proibidas-no-brasil\/","title":{"rendered":"Justi\u00e7a bate o martelo e determina que &#8220;pris\u00f5es&#8221; est\u00e3o proibidas no Brasil"},"content":{"rendered":"\n<p>Atualmente, o Rio Grande do Sul vivencia uma crise carcer\u00e1ria que, para o Tribunal de Justi\u00e7a local (TJRS), \u00e9 considerada &#8220;uma das mais graves e persistentes&#8221; j\u00e1 registradas. Por conta disso, autoridades locais precisaram<strong> adotar estrat\u00e9gias incomuns para efetuar pris\u00f5es no estado<\/strong>.<\/p>\n\n\n\n<p>Conforme divulgado pelo jornal <em>O Globo<\/em>, condenados passaram a ficar <strong>presos em celas de delegacias, albergues improvisados ou at\u00e9 mesmo dentro de viaturas<\/strong> por tempo indeterminado. E para o TJRS, a decis\u00e3o \u00e9 inadmiss\u00edvel.<\/p>\n\n\n\n<p>Isso porque, na avalia\u00e7\u00e3o do magistrado, as estruturas mencionadas n\u00e3o disp\u00f5em de condi\u00e7\u00f5es m\u00ednimas para o encarceramento de seres humanos. Diante disso, foi determinado que <strong>deten\u00e7\u00f5es nesses locais n\u00e3o poder\u00e3o ultrapassar o tempo necess\u00e1rio<\/strong> para o registro do flagrante ou para a comunica\u00e7\u00e3o do cumprimento do mandado.<\/p>\n\n\n\n<p>A proibi\u00e7\u00e3o foi proferida pela 2\u00aa Vara da Fazenda P\u00fablica de Porto Alegre na segunda-feira (27), mas s\u00f3 foi divulgada pelo TJRS no dia seguinte. Na senten\u00e7a, o tribunal <strong>cobrou a apresenta\u00e7\u00e3o de medidas para solucionar o problema<\/strong>.<\/p>\n\n\n\n<p>As alternativas devem ser apresentadas em at\u00e9 180 dias e devem incluir op\u00e7\u00f5es como <strong>a constru\u00e7\u00e3o de novas unidades prisionais e cria\u00e7\u00e3o progressiva de novas vagas<\/strong>, consideradas essenciais para combater o d\u00e9ficit do estado.<\/p>\n\n\n\n<h2 class=\"wp-block-heading\">Governo afirma j\u00e1 estar trabalhando em resolu\u00e7\u00e3o para problemas com pris\u00f5es<\/h2>\n\n\n\n<p>Por meio da Secretaria de Sistemas Penal e Socioeducativo (SSPS), o governo do RS afirmou ao jornal <em>O Globo<\/em> que, mesmo antes da expedi\u00e7\u00e3o da senten\u00e7a, j\u00e1 vinha <strong>executando medidas para solucionar os problemas com pris\u00f5es<\/strong> no territ\u00f3rio.<\/p>\n\n\n\n<p>Em nota, a administra\u00e7\u00e3o revelou j\u00e1 ter investido <strong>cerca de R$ 1,4 bilh\u00e3o<\/strong> no sistema prisional ga\u00facho, visando ampliar as vagas em pres\u00eddios e, assim, come\u00e7ar a reverter a crise que aflige o estado.<\/p>\n\n\n\n<p>Al\u00e9m de ser destinado \u00e0 constru\u00e7\u00e3o de novas unidades prisionais, o valor tamb\u00e9m tem servido para reformar penitenci\u00e1rias que, devido \u00e0s suas condi\u00e7\u00f5es atuais, n\u00e3o t\u00eam conseguido mitigar o problema.<\/p>\n","protected":false},"excerpt":{"rendered":"<p>Atualmente, o Rio Grande do Sul vivencia uma crise carcer\u00e1ria que, para o Tribunal de Justi\u00e7a local (TJRS), \u00e9 considerada &#8220;uma das mais graves e persistentes&#8221; j\u00e1 registradas. Por conta disso, autoridades locais precisaram adotar estrat\u00e9gias incomuns para efetuar pris\u00f5es no estado. Conforme divulgado pelo jornal O Globo, condenados passaram a ficar presos em celas [&hellip;]<\/p>\n","protected":false},"author":19,"featured_media":24089,"comment_status":"open","ping_status":"open","sticky":false,"template":"","format":"standard","meta":{"jnews-multi-image_gallery":[],"jnews_single_post":{"format":"standard"},"jnews_primary_category":[],"jnews_social_meta":[],"jnews_post_split":[],"footnotes":""},"categories":[1],"tags":[],"class_list":["post-24088","post","type-post","status-publish","format-standard","has-post-thumbnail","hentry","category-geral"],"_links":{"self":[{"href":"https:\/\/tnh1.audiencelabs.com.br\/wp-json\/wp\/v2\/posts\/24088","targetHints":{"allow":["GET"]}}],"collection":[{"href":"https:\/\/tnh1.audiencelabs.com.br\/wp-json\/wp\/v2\/posts"}],"about":[{"href":"https:\/\/tnh1.audiencelabs.com.br\/wp-json\/wp\/v2\/types\/post"}],"author":[{"embeddable":true,"href":"https:\/\/tnh1.audiencelabs.com.br\/wp-json\/wp\/v2\/users\/19"}],"replies":[{"embeddable":true,"href":"https:\/\/tnh1.audiencelabs.com.br\/wp-json\/wp\/v2\/comments?post=24088"}],"version-history":[{"count":2,"href":"https:\/\/tnh1.audiencelabs.com.br\/wp-json\/wp\/v2\/posts\/24088\/revisions"}],"predecessor-version":[{"id":24114,"href":"https:\/\/tnh1.audiencelabs.com.br\/wp-json\/wp\/v2\/posts\/24088\/revisions\/24114"}],"wp:featuredmedia":[{"embeddable":true,"href":"https:\/\/tnh1.audiencelabs.com.br\/wp-json\/wp\/v2\/media\/24089"}],"wp:attachment":[{"href":"https:\/\/tnh1.audiencelabs.com.br\/wp-json\/wp\/v2\/media?parent=24088"}],"wp:term":[{"taxonomy":"category","embeddable":true,"href":"https:\/\/tnh1.audiencelabs.com.br\/wp-json\/wp\/v2\/categories?post=24088"},{"taxonomy":"post_tag","embeddable":true,"href":"https:\/\/tnh1.audiencelabs.com.br\/wp-json\/wp\/v2\/tags?post=24088"}],"curies":[{"name":"wp","href":"https:\/\/api.w.org\/{rel}","templated":true}]}}