{"id":24090,"date":"2026-04-30T18:33:00","date_gmt":"2026-04-30T21:33:00","guid":{"rendered":"https:\/\/tnh1.audiencelabs.com.br\/?p=24090"},"modified":"2026-04-30T11:17:37","modified_gmt":"2026-04-30T14:17:37","slug":"governo-propoe-novo-salario-minimo-e-valor-chama-atencao-r-1-874","status":"publish","type":"post","link":"https:\/\/tnh1.audiencelabs.com.br\/governo-propoe-novo-salario-minimo-e-valor-chama-atencao-r-1-874\/","title":{"rendered":"Governo prop\u00f5e novo sal\u00e1rio m\u00ednimo e valor chama aten\u00e7\u00e3o: R$ 1.874"},"content":{"rendered":"\n<p>O <strong>governo de S\u00e3o Paulo<\/strong> enviou, neste m\u00eas de abril de 2026, um projeto de lei \u00e0 Assembleia Legislativa do Estado (Alesp) com a proposta de elevar o <strong>sal\u00e1rio m\u00ednimo estadual <\/strong>para <strong>R$ 1.874. <\/strong>Este montante, se aprovado, dever\u00e1 ser implementado ainda este ano, representando um aumento de 46% comparado ao piso anterior de R$ 1.284, estabelecido em 2022.<\/p>\n\n\n\n<p>A medida visa alinhar o valor ao custo de vida elevado e atender \u00e0 demanda por melhores condi\u00e7\u00f5es salariais.<\/p>\n\n\n\n<p>O sal\u00e1rio m\u00ednimo atual, em S\u00e3o Paulo, \u00e9 de R$ 1.804, em vigor desde julho de 2025. Este valor se destina a 76 categorias profissionais sem acordo coletivo ou legisla\u00e7\u00e3o federal espec\u00edfica.<\/p>\n\n\n\n<p>Com o novo valor proposto, o estado pretende aumentar o sal\u00e1rio m\u00ednimo em 15,6% em rela\u00e7\u00e3o ao nacional, fixado em R$ 1.621. A proposta refor\u00e7a o compromisso de S\u00e3o Paulo em valorizar profiss\u00f5es desprovidas de regulamenta\u00e7\u00e3o salarial definida.<\/p>\n\n\n\n<h2 class=\"wp-block-heading\">Impacto no mercado de trabalho<\/h2>\n\n\n\n<p>A entrada em vigor do novo sal\u00e1rio m\u00ednimo poder\u00e1 impactar significativamente o mercado de trabalho paulista. O ajuste tem potencial para aumentar o consumo, impulsionando a economia local, e reflete a necessidade de adequa\u00e7\u00e3o ao crescente custo de vida.<\/p>\n\n\n\n<p>Para categorias trabalhistas sem conven\u00e7\u00f5es coletivas, a melhoria na renda pode resultar em melhores condi\u00e7\u00f5es de vida e maior poder aquisitivo.<\/p>\n\n\n\n<p>O potencial efeito domin\u00f3 dessa medida pode ser observado na movimenta\u00e7\u00e3o de outros estados, que podem seguir o exemplo de S\u00e3o Paulo e revisar seus sal\u00e1rios m\u00ednimos estaduais.<\/p>\n\n\n\n<h2 class=\"wp-block-heading\">Pr\u00f3ximos passos<\/h2>\n\n\n\n<p>A proposta est\u00e1 agora sob an\u00e1lise na Alesp, onde ser\u00e1 submetida \u00e0 vota\u00e7\u00e3o. Caso aprovada, sua implementa\u00e7\u00e3o dever\u00e1 ser agilizada, beneficiando trabalhadores ainda em 2026.<\/p>\n\n\n\n<p>O passo seguinte \u00e9 garantir a r\u00e1pida delibera\u00e7\u00e3o do projeto, de modo a que os novos valores sejam adotados logo ap\u00f3s a aprova\u00e7\u00e3o. A decis\u00e3o da Alesp \u00e9 aguardada nos pr\u00f3ximos meses, com expectativa de celeridade no processo legislativo.<\/p>\n","protected":false},"excerpt":{"rendered":"<p>A medida visa alinhar o valor ao custo de vida elevado e atender \u00e0 demanda por melhores condi\u00e7\u00f5es salariais.<\/p>\n","protected":false},"author":8,"featured_media":1418,"comment_status":"open","ping_status":"open","sticky":false,"template":"","format":"standard","meta":{"jnews-multi-image_gallery":[],"jnews_single_post":{"format":"standard"},"jnews_primary_category":[],"jnews_social_meta":[],"jnews_post_split":[],"footnotes":""},"categories":[1],"tags":[],"class_list":["post-24090","post","type-post","status-publish","format-standard","has-post-thumbnail","hentry","category-geral"],"_links":{"self":[{"href":"https:\/\/tnh1.audiencelabs.com.br\/wp-json\/wp\/v2\/posts\/24090","targetHints":{"allow":["GET"]}}],"collection":[{"href":"https:\/\/tnh1.audiencelabs.com.br\/wp-json\/wp\/v2\/posts"}],"about":[{"href":"https:\/\/tnh1.audiencelabs.com.br\/wp-json\/wp\/v2\/types\/post"}],"author":[{"embeddable":true,"href":"https:\/\/tnh1.audiencelabs.com.br\/wp-json\/wp\/v2\/users\/8"}],"replies":[{"embeddable":true,"href":"https:\/\/tnh1.audiencelabs.com.br\/wp-json\/wp\/v2\/comments?post=24090"}],"version-history":[{"count":2,"href":"https:\/\/tnh1.audiencelabs.com.br\/wp-json\/wp\/v2\/posts\/24090\/revisions"}],"predecessor-version":[{"id":24092,"href":"https:\/\/tnh1.audiencelabs.com.br\/wp-json\/wp\/v2\/posts\/24090\/revisions\/24092"}],"wp:featuredmedia":[{"embeddable":true,"href":"https:\/\/tnh1.audiencelabs.com.br\/wp-json\/wp\/v2\/media\/1418"}],"wp:attachment":[{"href":"https:\/\/tnh1.audiencelabs.com.br\/wp-json\/wp\/v2\/media?parent=24090"}],"wp:term":[{"taxonomy":"category","embeddable":true,"href":"https:\/\/tnh1.audiencelabs.com.br\/wp-json\/wp\/v2\/categories?post=24090"},{"taxonomy":"post_tag","embeddable":true,"href":"https:\/\/tnh1.audiencelabs.com.br\/wp-json\/wp\/v2\/tags?post=24090"}],"curies":[{"name":"wp","href":"https:\/\/api.w.org\/{rel}","templated":true}]}}