{"id":24098,"date":"2026-04-30T16:01:00","date_gmt":"2026-04-30T19:01:00","guid":{"rendered":"https:\/\/tnh1.audiencelabs.com.br\/?p=24098"},"modified":"2026-04-30T11:25:46","modified_gmt":"2026-04-30T14:25:46","slug":"segredo-de-beleza-da-shakira-chama-atencao-por-ser-mais-simples-do-que-parece","status":"publish","type":"post","link":"https:\/\/tnh1.audiencelabs.com.br\/segredo-de-beleza-da-shakira-chama-atencao-por-ser-mais-simples-do-que-parece\/","title":{"rendered":"Segredo de beleza da Shakira chama aten\u00e7\u00e3o por ser mais simples do que parece"},"content":{"rendered":"\n<p>Atra\u00e7\u00e3o deste ano no Todo Mundo no Rio, Shakira \u00e9 um \u00edcone da m\u00fasica e tamb\u00e9m do mundo da beleza. A cantora, que j\u00e1 est\u00e1 com quase 50 anos, segue uma rotina de beleza muito simples e at\u00e9 bem brasileira para o rosto.<\/p>\n\n\n\n<p>Longe de procedimentos complexos, um h\u00e1bito simples tem despertado curiosidade: o uso de argila em tratamentos faciais.<\/p>\n\n\n\n<h2 class=\"wp-block-heading\">Tratamento natural e acess\u00edvel ganha destaque na rotina da cantora<\/h2>\n\n\n\n<p>A terapia com argila, especialmente a branca, \u00e9 conhecida por suas propriedades equilibrantes e a\u00e7\u00e3o de limpeza profunda. Bastante utilizada em protocolos naturais, ela ajuda a controlar a oleosidade, suavizar a textura da pele e promover uma apar\u00eancia mais uniforme, sem agredir ou ressecar.<\/p>\n\n\n\n<p>Especialistas explicam que, a partir dos 30 anos, a pele come\u00e7a a apresentar mudan\u00e7as naturais, como a redu\u00e7\u00e3o da produ\u00e7\u00e3o de col\u00e1geno e o surgimento de linhas finas. Nesse cen\u00e1rio, cuidados regulares passam a ser essenciais \u2014 e \u00e9 a\u00ed que op\u00e7\u00f5es mais simples, como a argila, ganham espa\u00e7o.<\/p>\n\n\n\n<p>Rica em minerais, a argila branca \u00e9 indicada principalmente para peles sens\u00edveis ou que come\u00e7am a perder vi\u00e7o. Seu uso cont\u00ednuo pode contribuir para a redu\u00e7\u00e3o da apar\u00eancia dos poros, melhora do tom da pele e sensa\u00e7\u00e3o de limpeza profunda. Ainda assim, dermatologistas alertam que o segredo est\u00e1 na frequ\u00eancia correta: aplica\u00e7\u00f5es a cada 10 ou 15 dias costumam ser suficientes.<\/p>\n\n\n\n<p>Outro ponto destacado por especialistas \u00e9 que tratamentos naturais n\u00e3o dispensam uma rotina completa. Hidrata\u00e7\u00e3o, uso de protetor solar e aplica\u00e7\u00e3o de antioxidantes, como vitamina C, continuam sendo fundamentais para manter a sa\u00fade da pele.<\/p>\n\n\n\n<p>Al\u00e9m de acess\u00edvel \u2014 com custo relativamente baixo em compara\u00e7\u00e3o a procedimentos est\u00e9ticos \u2014, o uso da argila refor\u00e7a uma tend\u00eancia crescente: a busca por solu\u00e7\u00f5es pr\u00e1ticas e eficazes. No caso de Shakira, o destaque est\u00e1 justamente na simplicidade de um cuidado que pode ser facilmente incorporado ao dia a dia.<\/p>\n","protected":false},"excerpt":{"rendered":"<p>Atra\u00e7\u00e3o deste ano no Todo Mundo no Rio, Shakira \u00e9 um \u00edcone da m\u00fasica e tamb\u00e9m do mundo da beleza. A cantora, que j\u00e1 est\u00e1 com quase 50 anos, segue uma rotina de beleza muito simples e at\u00e9 bem brasileira para o rosto. Longe de procedimentos complexos, um h\u00e1bito simples tem despertado curiosidade: o uso [&hellip;]<\/p>\n","protected":false},"author":7,"featured_media":24103,"comment_status":"open","ping_status":"open","sticky":false,"template":"","format":"standard","meta":{"jnews-multi-image_gallery":[],"jnews_single_post":{"format":"standard"},"jnews_primary_category":[],"jnews_social_meta":[],"jnews_post_split":[],"footnotes":""},"categories":[1],"tags":[],"class_list":["post-24098","post","type-post","status-publish","format-standard","has-post-thumbnail","hentry","category-geral"],"_links":{"self":[{"href":"https:\/\/tnh1.audiencelabs.com.br\/wp-json\/wp\/v2\/posts\/24098","targetHints":{"allow":["GET"]}}],"collection":[{"href":"https:\/\/tnh1.audiencelabs.com.br\/wp-json\/wp\/v2\/posts"}],"about":[{"href":"https:\/\/tnh1.audiencelabs.com.br\/wp-json\/wp\/v2\/types\/post"}],"author":[{"embeddable":true,"href":"https:\/\/tnh1.audiencelabs.com.br\/wp-json\/wp\/v2\/users\/7"}],"replies":[{"embeddable":true,"href":"https:\/\/tnh1.audiencelabs.com.br\/wp-json\/wp\/v2\/comments?post=24098"}],"version-history":[{"count":1,"href":"https:\/\/tnh1.audiencelabs.com.br\/wp-json\/wp\/v2\/posts\/24098\/revisions"}],"predecessor-version":[{"id":24106,"href":"https:\/\/tnh1.audiencelabs.com.br\/wp-json\/wp\/v2\/posts\/24098\/revisions\/24106"}],"wp:featuredmedia":[{"embeddable":true,"href":"https:\/\/tnh1.audiencelabs.com.br\/wp-json\/wp\/v2\/media\/24103"}],"wp:attachment":[{"href":"https:\/\/tnh1.audiencelabs.com.br\/wp-json\/wp\/v2\/media?parent=24098"}],"wp:term":[{"taxonomy":"category","embeddable":true,"href":"https:\/\/tnh1.audiencelabs.com.br\/wp-json\/wp\/v2\/categories?post=24098"},{"taxonomy":"post_tag","embeddable":true,"href":"https:\/\/tnh1.audiencelabs.com.br\/wp-json\/wp\/v2\/tags?post=24098"}],"curies":[{"name":"wp","href":"https:\/\/api.w.org\/{rel}","templated":true}]}}