{"id":24127,"date":"2026-04-30T19:37:00","date_gmt":"2026-04-30T22:37:00","guid":{"rendered":"https:\/\/tnh1.audiencelabs.com.br\/?p=24127"},"modified":"2026-04-30T11:56:49","modified_gmt":"2026-04-30T14:56:49","slug":"decreto-esta-confirmado-para-2026-e-correios-vao-fechar-a-porta-no-brasil","status":"publish","type":"post","link":"https:\/\/tnh1.audiencelabs.com.br\/decreto-esta-confirmado-para-2026-e-correios-vao-fechar-a-porta-no-brasil\/","title":{"rendered":"Decreto est\u00e1 confirmado para 2026 e Correios v\u00e3o fechar a porta no Brasil"},"content":{"rendered":"\n<p>Com a chegada do feriado do Dia do Trabalho, em 1\u00ba de maio, uma pausa generalizada nos servi\u00e7os presenciais j\u00e1 est\u00e1 confirmada em todo o pa\u00eds. A data \u00e9 decretada como feriado nacional.<\/p>\n\n\n\n<p>Entre os atendimentos suspensos, os Correios n\u00e3o abrir\u00e3o as portas nesta data, o que pode impactar diretamente quem depende de envios, entregas e servi\u00e7os nas ag\u00eancias f\u00edsicas.<\/p>\n\n\n\n<h2 class=\"wp-block-heading\">Feriado suspende atendimento e altera funcionamento de servi\u00e7os<\/h2>\n\n\n\n<p>A paralisa\u00e7\u00e3o segue o calend\u00e1rio oficial de feriados nacionais e n\u00e3o representa um encerramento definitivo das atividades, mas sim uma interrup\u00e7\u00e3o tempor\u00e1ria. Durante o dia 1\u00ba de maio, n\u00e3o haver\u00e1 atendimento presencial nem distribui\u00e7\u00e3o de correspond\u00eancias. Como alternativa, os clientes poder\u00e3o utilizar canais digitais, como site, telefones e atendimento via WhatsApp.<\/p>\n\n\n\n<p>A suspens\u00e3o tamb\u00e9m se estende a outros setores. As ag\u00eancias banc\u00e1rias n\u00e3o funcionar\u00e3o no feriado, conforme orienta\u00e7\u00e3o da Febraban. Contas com vencimento na data, como \u00e1gua, luz e telefone, poder\u00e3o ser pagas no pr\u00f3ximo dia \u00fatil sem acr\u00e9scimo. No entanto, tributos e impostos seguem com prazo mantido e podem gerar multa em caso de atraso.<\/p>\n\n\n\n<p>Mesmo com as ag\u00eancias fechadas, o sistema Pix continuar\u00e1 operando normalmente, 24 horas por dia. J\u00e1 transfer\u00eancias via TED n\u00e3o ser\u00e3o processadas durante o feriado.<\/p>\n\n\n\n<p>No setor p\u00fablico, as unidades do INSS tamb\u00e9m n\u00e3o ter\u00e3o atendimento presencial. Servi\u00e7os como solicita\u00e7\u00e3o de benef\u00edcios, emiss\u00e3o de extratos e atualiza\u00e7\u00e3o cadastral poder\u00e3o ser feitos pelo aplicativo Meu INSS ou pelo telefone 135.<\/p>\n\n\n\n<p>A recomenda\u00e7\u00e3o geral \u00e9 que a popula\u00e7\u00e3o se antecipe para evitar transtornos, especialmente em servi\u00e7os que dependem de atendimento f\u00edsico. O funcionamento normal ser\u00e1 retomado no pr\u00f3ximo dia \u00fatil, com a reabertura das ag\u00eancias e retomada das entregas.<\/p>\n","protected":false},"excerpt":{"rendered":"<p>Com a chegada do feriado do Dia do Trabalho, em 1\u00ba de maio, uma pausa generalizada nos servi\u00e7os presenciais j\u00e1 est\u00e1 confirmada em todo o pa\u00eds. A data \u00e9 decretada como feriado nacional. Entre os atendimentos suspensos, os Correios n\u00e3o abrir\u00e3o as portas nesta data, o que pode impactar diretamente quem depende de envios, entregas [&hellip;]<\/p>\n","protected":false},"author":7,"featured_media":24134,"comment_status":"open","ping_status":"open","sticky":false,"template":"","format":"standard","meta":{"jnews-multi-image_gallery":[],"jnews_single_post":{"format":"standard"},"jnews_primary_category":[],"jnews_social_meta":[],"jnews_post_split":[],"footnotes":""},"categories":[1],"tags":[],"class_list":["post-24127","post","type-post","status-publish","format-standard","has-post-thumbnail","hentry","category-geral"],"_links":{"self":[{"href":"https:\/\/tnh1.audiencelabs.com.br\/wp-json\/wp\/v2\/posts\/24127","targetHints":{"allow":["GET"]}}],"collection":[{"href":"https:\/\/tnh1.audiencelabs.com.br\/wp-json\/wp\/v2\/posts"}],"about":[{"href":"https:\/\/tnh1.audiencelabs.com.br\/wp-json\/wp\/v2\/types\/post"}],"author":[{"embeddable":true,"href":"https:\/\/tnh1.audiencelabs.com.br\/wp-json\/wp\/v2\/users\/7"}],"replies":[{"embeddable":true,"href":"https:\/\/tnh1.audiencelabs.com.br\/wp-json\/wp\/v2\/comments?post=24127"}],"version-history":[{"count":1,"href":"https:\/\/tnh1.audiencelabs.com.br\/wp-json\/wp\/v2\/posts\/24127\/revisions"}],"predecessor-version":[{"id":24135,"href":"https:\/\/tnh1.audiencelabs.com.br\/wp-json\/wp\/v2\/posts\/24127\/revisions\/24135"}],"wp:featuredmedia":[{"embeddable":true,"href":"https:\/\/tnh1.audiencelabs.com.br\/wp-json\/wp\/v2\/media\/24134"}],"wp:attachment":[{"href":"https:\/\/tnh1.audiencelabs.com.br\/wp-json\/wp\/v2\/media?parent=24127"}],"wp:term":[{"taxonomy":"category","embeddable":true,"href":"https:\/\/tnh1.audiencelabs.com.br\/wp-json\/wp\/v2\/categories?post=24127"},{"taxonomy":"post_tag","embeddable":true,"href":"https:\/\/tnh1.audiencelabs.com.br\/wp-json\/wp\/v2\/tags?post=24127"}],"curies":[{"name":"wp","href":"https:\/\/api.w.org\/{rel}","templated":true}]}}