{"id":24143,"date":"2026-04-30T20:37:00","date_gmt":"2026-04-30T23:37:00","guid":{"rendered":"https:\/\/tnh1.audiencelabs.com.br\/?p=24143"},"modified":"2026-04-30T12:11:22","modified_gmt":"2026-04-30T15:11:22","slug":"atencao-estudantes-possibilidade-de-11-dias-de-suspensao-das-aulas-antes-das-ferias-de-julho-neste-pais","status":"publish","type":"post","link":"https:\/\/tnh1.audiencelabs.com.br\/atencao-estudantes-possibilidade-de-11-dias-de-suspensao-das-aulas-antes-das-ferias-de-julho-neste-pais\/","title":{"rendered":"Aten\u00e7\u00e3o estudantes: possibilidade de 11 dias de suspens\u00e3o das aulas antes das f\u00e9rias de julho neste pa\u00eds"},"content":{"rendered":"\n<p>A proximidade da Copa do Mundo FIFA 2026 j\u00e1 come\u00e7a a impactar o calend\u00e1rio escolar no M\u00e9xico. Autoridades educacionais avaliam a suspens\u00e3o das aulas presenciais em datas estrat\u00e9gicas do torneio, o que pode resultar em at\u00e9 11 dias sem atividades antes do in\u00edcio das f\u00e9rias de julho.<\/p>\n\n\n\n<p>A medida est\u00e1 em an\u00e1lise pela Secretaria de Educa\u00e7\u00e3o P\u00fablica do M\u00e9xico e considera interromper as aulas nos dias em que partidas ser\u00e3o realizadas no pa\u00eds. A proposta busca reduzir impactos na mobilidade urbana, evitar superlota\u00e7\u00e3o no transporte p\u00fablico e refor\u00e7ar a seguran\u00e7a nas cidades-sede durante o evento.<\/p>\n\n\n\n<h2 class=\"wp-block-heading\">Proposta prev\u00ea pausa em dias de jogos e levanta compara\u00e7\u00f5es com o Brasil<\/h2>\n\n\n\n<p>Se confirmada, a suspens\u00e3o deve atingir estudantes da educa\u00e7\u00e3o b\u00e1sica, incluindo pr\u00e9-escola, ensino prim\u00e1rio e secund\u00e1rio, tanto em escolas p\u00fablicas quanto privadas. Ao todo, seriam 11 datas distribu\u00eddas entre junho e in\u00edcio de julho, abrangendo desde a abertura da Copa at\u00e9 fases eliminat\u00f3rias com jogos realizados em solo mexicano.<\/p>\n\n\n\n<p>Al\u00e9m da paralisa\u00e7\u00e3o presencial, ainda est\u00e1 em discuss\u00e3o a possibilidade de ado\u00e7\u00e3o de ensino remoto nesses dias, mas n\u00e3o h\u00e1 defini\u00e7\u00e3o oficial. A decis\u00e3o final deve ser anunciada nas pr\u00f3ximas semanas, ap\u00f3s di\u00e1logo com professores e gestores.<\/p>\n\n\n\n<p>No Brasil, o cen\u00e1rio \u00e9 diferente. Apesar da participa\u00e7\u00e3o na Copa, n\u00e3o existe previs\u00e3o de suspens\u00e3o nacional obrigat\u00f3ria de aulas ou expediente de trabalho. Isso ocorre, em parte, porque os jogos da sele\u00e7\u00e3o brasileira tendem a acontecer no per\u00edodo da noite, reduzindo o impacto direto na rotina escolar e profissional.<\/p>\n\n\n\n<p>Ainda assim, h\u00e1 a possibilidade de escolas e empresas adotarem ajustes pontuais, como libera\u00e7\u00e3o antecipada ou flexibiliza\u00e7\u00e3o de hor\u00e1rios em dias de jogos mais relevantes. Essas decis\u00f5es, por\u00e9m, ficam a crit\u00e9rio de cada institui\u00e7\u00e3o, sem imposi\u00e7\u00e3o legal.<\/p>\n\n\n\n<p>Na pr\u00e1tica, enquanto o M\u00e9xico avalia uma mudan\u00e7a ampla no calend\u00e1rio, o Brasil deve seguir com adapta\u00e7\u00f5es mais pontuais durante o torneio.<\/p>\n","protected":false},"excerpt":{"rendered":"<p>A proximidade da Copa do Mundo FIFA 2026 j\u00e1 come\u00e7a a impactar o calend\u00e1rio escolar no M\u00e9xico. Autoridades educacionais avaliam a suspens\u00e3o das aulas presenciais em datas estrat\u00e9gicas do torneio, o que pode resultar em at\u00e9 11 dias sem atividades antes do in\u00edcio das f\u00e9rias de julho. A medida est\u00e1 em an\u00e1lise pela Secretaria de [&hellip;]<\/p>\n","protected":false},"author":7,"featured_media":24150,"comment_status":"open","ping_status":"open","sticky":false,"template":"","format":"standard","meta":{"jnews-multi-image_gallery":[],"jnews_single_post":{"format":"standard"},"jnews_primary_category":[],"jnews_social_meta":[],"jnews_post_split":[],"footnotes":""},"categories":[1],"tags":[],"class_list":["post-24143","post","type-post","status-publish","format-standard","has-post-thumbnail","hentry","category-geral"],"_links":{"self":[{"href":"https:\/\/tnh1.audiencelabs.com.br\/wp-json\/wp\/v2\/posts\/24143","targetHints":{"allow":["GET"]}}],"collection":[{"href":"https:\/\/tnh1.audiencelabs.com.br\/wp-json\/wp\/v2\/posts"}],"about":[{"href":"https:\/\/tnh1.audiencelabs.com.br\/wp-json\/wp\/v2\/types\/post"}],"author":[{"embeddable":true,"href":"https:\/\/tnh1.audiencelabs.com.br\/wp-json\/wp\/v2\/users\/7"}],"replies":[{"embeddable":true,"href":"https:\/\/tnh1.audiencelabs.com.br\/wp-json\/wp\/v2\/comments?post=24143"}],"version-history":[{"count":1,"href":"https:\/\/tnh1.audiencelabs.com.br\/wp-json\/wp\/v2\/posts\/24143\/revisions"}],"predecessor-version":[{"id":24151,"href":"https:\/\/tnh1.audiencelabs.com.br\/wp-json\/wp\/v2\/posts\/24143\/revisions\/24151"}],"wp:featuredmedia":[{"embeddable":true,"href":"https:\/\/tnh1.audiencelabs.com.br\/wp-json\/wp\/v2\/media\/24150"}],"wp:attachment":[{"href":"https:\/\/tnh1.audiencelabs.com.br\/wp-json\/wp\/v2\/media?parent=24143"}],"wp:term":[{"taxonomy":"category","embeddable":true,"href":"https:\/\/tnh1.audiencelabs.com.br\/wp-json\/wp\/v2\/categories?post=24143"},{"taxonomy":"post_tag","embeddable":true,"href":"https:\/\/tnh1.audiencelabs.com.br\/wp-json\/wp\/v2\/tags?post=24143"}],"curies":[{"name":"wp","href":"https:\/\/api.w.org\/{rel}","templated":true}]}}