{"id":2858,"date":"2025-09-19T09:24:40","date_gmt":"2025-09-19T12:24:40","guid":{"rendered":"https:\/\/tnh1.audiencelabs.com.br\/?p=2858"},"modified":"2025-09-19T09:24:45","modified_gmt":"2025-09-19T12:24:45","slug":"alem-das-farmacias-remedios-agora-poderao-ser-comprados-em-outro-estabelecimento","status":"publish","type":"post","link":"https:\/\/tnh1.audiencelabs.com.br\/alem-das-farmacias-remedios-agora-poderao-ser-comprados-em-outro-estabelecimento\/","title":{"rendered":"Al\u00e9m das farm\u00e1cias, rem\u00e9dios agora poder\u00e3o ser comprados em outro estabelecimento"},"content":{"rendered":"\n<p>A <strong>Comiss\u00e3o de Assuntos Sociais (CAS) do Senado<\/strong> aprovou nesta quarta-feira (17) um projeto de lei que <strong>autoriza a abertura de farm\u00e1cias completas dentro de supermercados<\/strong>. A proposta, relatada pelo senador Humberto Costa (PT-PE), altera a <strong>Lei 5.991\/1973<\/strong>, que regula o controle sanit\u00e1rio de medicamentos, e segue para an\u00e1lise da C\u00e2mara dos Deputados, a menos que haja recurso para vota\u00e7\u00e3o no Plen\u00e1rio.<\/p>\n\n\n\n<p>Diferente do que muitos esperavam, a medida n\u00e3o libera medicamentos diretamente nas g\u00f4ndolas. A ideia \u00e9 permitir apenas a instala\u00e7\u00e3o de farm\u00e1cias ou drogarias completas, com espa\u00e7o f\u00edsico separado e infraestrutura adequada, obedecendo \u00e0s normas da <strong>Anvisa<\/strong>.<\/p>\n\n\n\n<p>A presen\u00e7a de um farmac\u00eautico durante todo o hor\u00e1rio de funcionamento ser\u00e1 obrigat\u00f3ria. J\u00e1 para os medicamentos de uso controlado, o pagamento deve ser feito antes da entrega, ou a embalagem permanecer\u00e1 lacrada at\u00e9 o caixa.<\/p>\n\n\n\n<p>Humberto Costa defendeu que o substitutivo aprovado garante um equil\u00edbrio entre acesso mais amplo e seguran\u00e7a sanit\u00e1ria. \u201cPermitir a venda de medicamentos fora do ambiente farmac\u00eautico, ainda que se apresente como medida destinada a ampliar o acesso e a conveni\u00eancia do consumidor, pode intensificar pr\u00e1ticas que comprometem de forma significativa a sa\u00fade p\u00fablica\u201d, alertou o senador.<\/p>\n\n\n\n<h2 class=\"wp-block-heading\"><strong>Efeitos econ\u00f4micos em debate<\/strong><\/h2>\n\n\n\n<p>Durante a discuss\u00e3o, tamb\u00e9m foi levantada a preocupa\u00e7\u00e3o com o impacto sobre pequenas farm\u00e1cias, sobretudo em regi\u00f5es perif\u00e9ricas. Segundo Costa, permitir vendas sem restri\u00e7\u00f5es poderia reduzir a busca por orienta\u00e7\u00e3o profissional e enfraquecer empreendedores locais.<\/p>\n\n\n\n<p>Emendas que flexibilizavam ainda mais a proposta foram rejeitadas. O senador Eduardo Gir\u00e3o (Novo-CE) sugeriu dispensar o farmac\u00eautico, mas n\u00e3o houve apoio. J\u00e1 a tentativa de Marcos Pontes (PL-SP) de barrar marcas pr\u00f3prias de medicamentos tamb\u00e9m foi recusada, j\u00e1 que a Anvisa j\u00e1 pro\u00edbe esse modelo.<\/p>\n\n\n\n<h2 class=\"wp-block-heading\"><strong>Apoio e expectativas<\/strong><\/h2>\n\n\n\n<p>O autor da proposta, senador Efraim Filho (Uni\u00e3o-PB), comemorou a aprova\u00e7\u00e3o.<\/p>\n\n\n\n<p>\u201cFoi bom para os supermercados, porque a regra inicial era s\u00f3 os medicamentos isentos de prescri\u00e7\u00e3o, foi bom para as farm\u00e1cias, porque ganharam uma regra que preserva as suas regras sanit\u00e1rias, foi bom para o consumidor que, em tese, passa a ter mais concorr\u00eancia, e mais concorr\u00eancia, pela lei do mercado, leva a queda de pre\u00e7os, porque o pre\u00e7o do medicamento hoje influencia na vida das pessoas, dos aposentados, \u00e9 um pre\u00e7o alto no or\u00e7amento\u201d, destacou.<\/p>\n\n\n\n<p>A senadora Teresa Leit\u00e3o (PT-PE) tamb\u00e9m declarou ter mudado de posi\u00e7\u00e3o ap\u00f3s as altera\u00e7\u00f5es que exigem espa\u00e7o exclusivo e farmac\u00eautico presente.<\/p>\n\n\n\n<p>Com a aprova\u00e7\u00e3o em car\u00e1ter terminativo, o texto segue agora para a C\u00e2mara dos Deputados. Se confirmado sem altera\u00e7\u00f5es, permitir\u00e1 que supermercados em todo o Brasil tenham farm\u00e1cias internas, ampliando a concorr\u00eancia e, em tese, pressionando os pre\u00e7os para baixo.<\/p>\n","protected":false},"excerpt":{"rendered":"<p>A Comiss\u00e3o de Assuntos Sociais (CAS) do Senado aprovou nesta quarta-feira (17) um projeto de lei que autoriza a abertura de farm\u00e1cias completas dentro de supermercados. A proposta, relatada pelo senador Humberto Costa (PT-PE), altera a Lei 5.991\/1973, que regula o controle sanit\u00e1rio de medicamentos, e segue para an\u00e1lise da C\u00e2mara dos Deputados, a menos [&hellip;]<\/p>\n","protected":false},"author":9,"featured_media":2859,"comment_status":"open","ping_status":"open","sticky":false,"template":"","format":"standard","meta":{"jnews-multi-image_gallery":[],"jnews_single_post":{"format":"standard"},"jnews_primary_category":[],"jnews_social_meta":[],"jnews_post_split":[],"footnotes":""},"categories":[1],"tags":[327,307,65],"class_list":["post-2858","post","type-post","status-publish","format-standard","has-post-thumbnail","hentry","category-geral","tag-farmacias","tag-legislacao","tag-supermercado"],"_links":{"self":[{"href":"https:\/\/tnh1.audiencelabs.com.br\/wp-json\/wp\/v2\/posts\/2858","targetHints":{"allow":["GET"]}}],"collection":[{"href":"https:\/\/tnh1.audiencelabs.com.br\/wp-json\/wp\/v2\/posts"}],"about":[{"href":"https:\/\/tnh1.audiencelabs.com.br\/wp-json\/wp\/v2\/types\/post"}],"author":[{"embeddable":true,"href":"https:\/\/tnh1.audiencelabs.com.br\/wp-json\/wp\/v2\/users\/9"}],"replies":[{"embeddable":true,"href":"https:\/\/tnh1.audiencelabs.com.br\/wp-json\/wp\/v2\/comments?post=2858"}],"version-history":[{"count":2,"href":"https:\/\/tnh1.audiencelabs.com.br\/wp-json\/wp\/v2\/posts\/2858\/revisions"}],"predecessor-version":[{"id":2861,"href":"https:\/\/tnh1.audiencelabs.com.br\/wp-json\/wp\/v2\/posts\/2858\/revisions\/2861"}],"wp:featuredmedia":[{"embeddable":true,"href":"https:\/\/tnh1.audiencelabs.com.br\/wp-json\/wp\/v2\/media\/2859"}],"wp:attachment":[{"href":"https:\/\/tnh1.audiencelabs.com.br\/wp-json\/wp\/v2\/media?parent=2858"}],"wp:term":[{"taxonomy":"category","embeddable":true,"href":"https:\/\/tnh1.audiencelabs.com.br\/wp-json\/wp\/v2\/categories?post=2858"},{"taxonomy":"post_tag","embeddable":true,"href":"https:\/\/tnh1.audiencelabs.com.br\/wp-json\/wp\/v2\/tags?post=2858"}],"curies":[{"name":"wp","href":"https:\/\/api.w.org\/{rel}","templated":true}]}}