{"id":2915,"date":"2025-09-19T16:03:42","date_gmt":"2025-09-19T19:03:42","guid":{"rendered":"https:\/\/tnh1.audiencelabs.com.br\/?p=2915"},"modified":"2025-09-19T16:03:48","modified_gmt":"2025-09-19T19:03:48","slug":"praia-secreta-do-brasil-fica-no-coracao-da-amazonia-e-e-considerada-a-mais-bonita-do-mundo","status":"publish","type":"post","link":"https:\/\/tnh1.audiencelabs.com.br\/praia-secreta-do-brasil-fica-no-coracao-da-amazonia-e-e-considerada-a-mais-bonita-do-mundo\/","title":{"rendered":"Praia secreta do Brasil fica no cora\u00e7\u00e3o da Amaz\u00f4nia e \u00e9 considerada a mais bonita do mundo"},"content":{"rendered":"\n<p>No meio da imensid\u00e3o verde da Amaz\u00f4nia, uma praia surpreende pelo visual quase surreal: Alter do Ch\u00e3o, em Santar\u00e9m, no Par\u00e1, foi apontada pelo jornal brit\u00e2nico <em>The Guardian<\/em> como a mais bela do Brasil, \u00e0 frente de destinos consagrados como Fernando de Noronha. <\/p>\n\n\n\n<p>O cen\u00e1rio \u00e9 inusitado: bancos de areia branca se espalham \u00e0s margens dos rios Tapaj\u00f3s e Arapiuns, criando uma paisagem que combina rios cristalinos, florestas densas e fauna rica, tudo a poucos passos de uma vila de pouco mais de seis mil habitantes.<\/p>\n\n\n\n<h2 class=\"wp-block-heading\">Dicas importantes sobre a exuberante Alter do Ch\u00e3o<\/h2>\n\n\n\n<p>O destino oferece diferentes experi\u00eancias dependendo da esta\u00e7\u00e3o. Entre agosto e dezembro, o chamado ver\u00e3o amaz\u00f4nico revela as famosas praias de rio, ideais para banhos, caminhadas e passeios de barco. <\/p>\n\n\n\n<p>J\u00e1 entre janeiro e julho, o inverno amaz\u00f4nico transforma a regi\u00e3o, com \u00e1guas mais altas e oportunidades \u00fanicas de explorar igarap\u00e9s, lagos e trechos alagados da floresta, perfeitos para quem busca contato direto com a vida selvagem local.<\/p>\n\n\n\n<p>Chegar a Alter do Ch\u00e3o \u00e9 mais f\u00e1cil do que muitos imaginam. A vila est\u00e1 a apenas 34 km do aeroporto de Santar\u00e9m, que recebe voos de Bel\u00e9m, Manaus e Bras\u00edlia, al\u00e9m de ser acess\u00edvel por embarca\u00e7\u00f5es que navegam pelo Rio Amazonas. <\/p>\n\n\n\n<p>O destino oferece hospedagens simples e charmosas, restaurantes que valorizam a culin\u00e1ria amaz\u00f4nica e passeios guiados por barqueiros locais, permitindo aos turistas explorar praias pouco conhecidas, ilhas desertas e pontos estrat\u00e9gicos para observar o p\u00f4r do sol.<\/p>\n\n\n\n<p>Al\u00e9m das paisagens, Alter do Ch\u00e3o mant\u00e9m tradi\u00e7\u00f5es culturais marcantes. A Festa do Sair\u00e9 e o Festival dos Botos, celebrados em setembro, atraem visitantes de todo o Brasil, com cerim\u00f4nias que misturam folclore, religi\u00e3o e manifesta\u00e7\u00f5es art\u00edsticas. <\/p>\n\n\n\n<p>Para os viajantes, a vila combina natureza exuberante, \u00e1guas tranquilas e experi\u00eancias culturais aut\u00eanticas, tornando-se um destino singular e inesquec\u00edvel no cora\u00e7\u00e3o da Amaz\u00f4nia.<\/p>\n","protected":false},"excerpt":{"rendered":"<p>No meio da imensid\u00e3o verde da Amaz\u00f4nia, uma praia surpreende pelo visual quase surreal: Alter do Ch\u00e3o, em Santar\u00e9m, no Par\u00e1, foi apontada pelo jornal brit\u00e2nico The Guardian como a mais bela do Brasil, \u00e0 frente de destinos consagrados como Fernando de Noronha. O cen\u00e1rio \u00e9 inusitado: bancos de areia branca se espalham \u00e0s margens [&hellip;]<\/p>\n","protected":false},"author":7,"featured_media":2916,"comment_status":"open","ping_status":"open","sticky":false,"template":"","format":"standard","meta":{"jnews-multi-image_gallery":[],"jnews_single_post":{"format":"standard"},"jnews_primary_category":[],"jnews_social_meta":[],"jnews_post_split":[],"footnotes":""},"categories":[1],"tags":[],"class_list":["post-2915","post","type-post","status-publish","format-standard","has-post-thumbnail","hentry","category-geral"],"_links":{"self":[{"href":"https:\/\/tnh1.audiencelabs.com.br\/wp-json\/wp\/v2\/posts\/2915","targetHints":{"allow":["GET"]}}],"collection":[{"href":"https:\/\/tnh1.audiencelabs.com.br\/wp-json\/wp\/v2\/posts"}],"about":[{"href":"https:\/\/tnh1.audiencelabs.com.br\/wp-json\/wp\/v2\/types\/post"}],"author":[{"embeddable":true,"href":"https:\/\/tnh1.audiencelabs.com.br\/wp-json\/wp\/v2\/users\/7"}],"replies":[{"embeddable":true,"href":"https:\/\/tnh1.audiencelabs.com.br\/wp-json\/wp\/v2\/comments?post=2915"}],"version-history":[{"count":1,"href":"https:\/\/tnh1.audiencelabs.com.br\/wp-json\/wp\/v2\/posts\/2915\/revisions"}],"predecessor-version":[{"id":2917,"href":"https:\/\/tnh1.audiencelabs.com.br\/wp-json\/wp\/v2\/posts\/2915\/revisions\/2917"}],"wp:featuredmedia":[{"embeddable":true,"href":"https:\/\/tnh1.audiencelabs.com.br\/wp-json\/wp\/v2\/media\/2916"}],"wp:attachment":[{"href":"https:\/\/tnh1.audiencelabs.com.br\/wp-json\/wp\/v2\/media?parent=2915"}],"wp:term":[{"taxonomy":"category","embeddable":true,"href":"https:\/\/tnh1.audiencelabs.com.br\/wp-json\/wp\/v2\/categories?post=2915"},{"taxonomy":"post_tag","embeddable":true,"href":"https:\/\/tnh1.audiencelabs.com.br\/wp-json\/wp\/v2\/tags?post=2915"}],"curies":[{"name":"wp","href":"https:\/\/api.w.org\/{rel}","templated":true}]}}