{"id":2998,"date":"2025-09-27T13:15:00","date_gmt":"2025-09-27T16:15:00","guid":{"rendered":"https:\/\/tnh1.audiencelabs.com.br\/?p=2998"},"modified":"2025-09-22T12:28:06","modified_gmt":"2025-09-22T15:28:06","slug":"nem-maldivas-e-nem-suica-lugar-mais-tranquilo-do-mundo-em-2025-e-outro-destino-inesperado","status":"publish","type":"post","link":"https:\/\/tnh1.audiencelabs.com.br\/nem-maldivas-e-nem-suica-lugar-mais-tranquilo-do-mundo-em-2025-e-outro-destino-inesperado\/","title":{"rendered":"Nem Maldivas e nem Su\u00ed\u00e7a: lugar mais tranquilo do mundo em 2025 \u00e9 outro destino inesperado"},"content":{"rendered":"\n<p>A <strong>Isl\u00e2ndia<\/strong>, conhecida por suas paisagens vulc\u00e2nicas, fontes termais e cen\u00e1rios de tirar o f\u00f4lego, voltou a ocupar o topo do <strong>\u00cdndice Global da Paz 2025<\/strong>. Pelo 17\u00ba ano consecutivo, a na\u00e7\u00e3o n\u00f3rdica foi considerada o pa\u00eds mais pac\u00edfico do planeta, superando 162 outras na\u00e7\u00f5es avaliadas pelo levantamento.<\/p>\n\n\n\n<p>O estudo, elaborado pelo <strong>Instituto de Economia e Paz (IEP)<\/strong>, analisa crit\u00e9rios como seguran\u00e7a social, intensidade de conflitos internos e externos e n\u00edvel de militariza\u00e7\u00e3o. Al\u00e9m da lideran\u00e7a no ranking da paz, o pa\u00eds figura em terceiro lugar no <strong>Relat\u00f3rio Mundial da Felicidade<\/strong> e segue entre os destinos tur\u00edsticos mais sonhados do Hemisf\u00e9rio Norte.<\/p>\n\n\n\n<h2 class=\"wp-block-heading\"><strong>O segredo da tranquilidade<\/strong><\/h2>\n\n\n\n<p>Segundo o relat\u00f3rio, a chave est\u00e1 na chamada <strong>\u201cpaz positiva\u201d<\/strong>, definida como o conjunto de atitudes, institui\u00e7\u00f5es e estruturas que sustentam sociedades est\u00e1veis. Essa base, afirma o IEP, est\u00e1 associada ao maior crescimento econ\u00f4mico, bem-estar social, juros mais baixos e resili\u00eancia a crises globais.<\/p>\n\n\n\n<p>O top 5 dos pa\u00edses mais pac\u00edficos \u00e9 completado por <strong>Irlanda, Nova Zel\u00e2ndia, \u00c1ustria e Su\u00ed\u00e7a<\/strong>. J\u00e1 na Am\u00e9rica, <strong>Canad\u00e1<\/strong> e <strong>Costa Rica<\/strong> se destacaram como os l\u00edderes regionais.<\/p>\n\n\n\n<h2 class=\"wp-block-heading\"><strong>O cen\u00e1rio mundial<\/strong><\/h2>\n\n\n\n<p>Apesar do exemplo island\u00eas, o panorama global \u00e9 preocupante. Desde 2008, a pontua\u00e7\u00e3o m\u00e9dia dos pa\u00edses no \u00edndice caiu <strong>5,4%<\/strong>, enquanto a dist\u00e2ncia entre as na\u00e7\u00f5es mais e menos pac\u00edficas aumentou <strong>11,7%<\/strong>.<\/p>\n\n\n\n<p>O relat\u00f3rio de 2025 ressalta que o planeta vive uma \u201ccrise de conflitos violentos\u201d, em 2023 foram registrados <strong>59 conflitos entre Estados<\/strong>, o maior n\u00famero desde a Segunda Guerra Mundial.<\/p>\n\n\n\n<h2 class=\"wp-block-heading\"><strong>Quem est\u00e1 no fim da lista<\/strong><\/h2>\n\n\n\n<p>Neste ano, a <strong>R\u00fassia<\/strong> apareceu pela primeira vez como o pa\u00eds menos pac\u00edfico do mundo, seguida pela <strong>Ucr\u00e2nia<\/strong>. Outras na\u00e7\u00f5es com baixas pontua\u00e7\u00f5es incluem <strong>Israel<\/strong>, <strong>Coreia do Norte<\/strong> e os <strong>Estados Unidos<\/strong>, que ocupam apenas a <strong>128\u00aa posi\u00e7\u00e3o<\/strong>, abaixo de pa\u00edses como <strong>Honduras<\/strong> e <strong>Banglades<\/strong>h. A baixa coloca\u00e7\u00e3o americana \u00e9 atribu\u00edda ao seu elevado n\u00edvel de militariza\u00e7\u00e3o.<\/p>\n\n\n\n<p>Na Europa, a <strong>Fran\u00e7a<\/strong> foi classificada como a na\u00e7\u00e3o mais militarizada da regi\u00e3o, enquanto na Am\u00e9rica do Sul, a tend\u00eancia foi oposta, o \u00edndice registrou melhora, com <strong>Peru<\/strong> e <strong>Argentina<\/strong> mostrando os maiores avan\u00e7os.Na \u00c1frica Subsaariana, os pa\u00edses mais pac\u00edficos foram <strong>Maur\u00edcio<\/strong>, <strong>Botsuana<\/strong> e <strong>Nam\u00edbia<\/strong>, destinos j\u00e1 consolidados no turismo internacional, que atraem desde rec\u00e9m-casados at\u00e9 aventureiros em busca de vida selvagem.<\/p>\n","protected":false},"excerpt":{"rendered":"<p>A Isl\u00e2ndia, conhecida por suas paisagens vulc\u00e2nicas, fontes termais e cen\u00e1rios de tirar o f\u00f4lego, voltou a ocupar o topo do \u00cdndice Global da Paz 2025. Pelo 17\u00ba ano consecutivo, a na\u00e7\u00e3o n\u00f3rdica foi considerada o pa\u00eds mais pac\u00edfico do planeta, superando 162 outras na\u00e7\u00f5es avaliadas pelo levantamento. O estudo, elaborado pelo Instituto de Economia [&hellip;]<\/p>\n","protected":false},"author":9,"featured_media":2999,"comment_status":"open","ping_status":"open","sticky":false,"template":"","format":"standard","meta":{"jnews-multi-image_gallery":[],"jnews_single_post":{"format":"standard"},"jnews_primary_category":[],"jnews_social_meta":[],"jnews_post_split":[],"footnotes":""},"categories":[1],"tags":[351,350],"class_list":["post-2998","post","type-post","status-publish","format-standard","has-post-thumbnail","hentry","category-geral","tag-felicidade","tag-paz"],"_links":{"self":[{"href":"https:\/\/tnh1.audiencelabs.com.br\/wp-json\/wp\/v2\/posts\/2998","targetHints":{"allow":["GET"]}}],"collection":[{"href":"https:\/\/tnh1.audiencelabs.com.br\/wp-json\/wp\/v2\/posts"}],"about":[{"href":"https:\/\/tnh1.audiencelabs.com.br\/wp-json\/wp\/v2\/types\/post"}],"author":[{"embeddable":true,"href":"https:\/\/tnh1.audiencelabs.com.br\/wp-json\/wp\/v2\/users\/9"}],"replies":[{"embeddable":true,"href":"https:\/\/tnh1.audiencelabs.com.br\/wp-json\/wp\/v2\/comments?post=2998"}],"version-history":[{"count":2,"href":"https:\/\/tnh1.audiencelabs.com.br\/wp-json\/wp\/v2\/posts\/2998\/revisions"}],"predecessor-version":[{"id":3001,"href":"https:\/\/tnh1.audiencelabs.com.br\/wp-json\/wp\/v2\/posts\/2998\/revisions\/3001"}],"wp:featuredmedia":[{"embeddable":true,"href":"https:\/\/tnh1.audiencelabs.com.br\/wp-json\/wp\/v2\/media\/2999"}],"wp:attachment":[{"href":"https:\/\/tnh1.audiencelabs.com.br\/wp-json\/wp\/v2\/media?parent=2998"}],"wp:term":[{"taxonomy":"category","embeddable":true,"href":"https:\/\/tnh1.audiencelabs.com.br\/wp-json\/wp\/v2\/categories?post=2998"},{"taxonomy":"post_tag","embeddable":true,"href":"https:\/\/tnh1.audiencelabs.com.br\/wp-json\/wp\/v2\/tags?post=2998"}],"curies":[{"name":"wp","href":"https:\/\/api.w.org\/{rel}","templated":true}]}}