{"id":3124,"date":"2025-09-23T12:03:19","date_gmt":"2025-09-23T15:03:19","guid":{"rendered":"https:\/\/tnh1.audiencelabs.com.br\/?p=3124"},"modified":"2025-09-23T12:03:26","modified_gmt":"2025-09-23T15:03:26","slug":"alerta-maximo-alunos-em-sao-paulo-nao-terao-aulas-por-conta-das-tempestades","status":"publish","type":"post","link":"https:\/\/tnh1.audiencelabs.com.br\/alerta-maximo-alunos-em-sao-paulo-nao-terao-aulas-por-conta-das-tempestades\/","title":{"rendered":"Alerta m\u00e1ximo: alunos em S\u00e3o Paulo n\u00e3o ter\u00e3o aulas por conta das tempestades"},"content":{"rendered":"\n<p>A cidade de S\u00e3o Paulo amanheceu nesta ter\u00e7a-feira (23) com ao menos <strong>184 mil im\u00f3veis sem energia el\u00e9trica<\/strong>, segundo balan\u00e7o da Enel. Considerando toda a \u00e1rea de concess\u00e3o da distribuidora, que inclui a capital e munic\u00edpios da regi\u00e3o metropolitana, o n\u00famero sobe para pouco mais de <strong>227 mil resid\u00eancias e com\u00e9rcios afetados<\/strong>.<\/p>\n\n\n\n<p>O apag\u00e3o \u00e9 consequ\u00eancia do <strong>temporal que atingiu a regi\u00e3o na segunda-feira (22)<\/strong>, trazendo chuvas fortes e rajadas de vento que chegaram a quase 100 km\/h. A quantidade de chuva acumulada correspondeu a <strong>metade da m\u00e9dia esperada para todo o m\u00eas<\/strong>, e a previs\u00e3o indica novos epis\u00f3dios de instabilidade ao longo desta ter\u00e7a-feira.<\/p>\n\n\n\n<p>A concession\u00e1ria informou que j\u00e1 conseguiu restabelecer o servi\u00e7o para <strong>68% dos clientes afetados<\/strong> at\u00e9 as 6h desta manh\u00e3, mobilizando mais de mil equipes em diferentes pontos da cidade. Ainda assim, moradores de bairros das zonas norte e oeste continuam entre os mais prejudicados.<\/p>\n\n\n\n<h3 class=\"wp-block-heading\"><strong>Aulas suspensas em Cotia<\/strong><\/h3>\n\n\n\n<p>Entre as consequ\u00eancias da tempestade, a <strong>Prefeitura de Cotia<\/strong>, na Grande S\u00e3o Paulo, anunciou a <strong>suspens\u00e3o das aulas nesta ter\u00e7a-feira (23)<\/strong>. De acordo com a gest\u00e3o municipal, algumas escolas sofreram danos como <strong>goteiras e queda parcial de forros<\/strong>, o que levou \u00e0 cria\u00e7\u00e3o de um grupo emergencial de gest\u00e3o de crise para vistoriar todas as mais de 100 unidades da rede.<\/p>\n\n\n\n<p>\u201cEngenheiros j\u00e1 iniciaram vistorias t\u00e9cnicas nas escolas onde foram identificados danos e ir\u00e3o inspecionar todas as unidades da rede municipal. A medida busca garantir a seguran\u00e7a de alunos, professores e colaboradores, diante da previs\u00e3o de grande volume de chuvas e ventos intensos para os pr\u00f3ximos dias\u201d, informou a Secretaria de Educa\u00e7\u00e3o.<\/p>\n\n\n\n<h3 class=\"wp-block-heading\"><strong>Ocorr\u00eancias registradas<\/strong><\/h3>\n\n\n\n<p>A <strong>Defesa Civil do Estado de S\u00e3o Paulo<\/strong> registrou <strong>33 ocorr\u00eancias relacionadas \u00e0s chuvas<\/strong>, incluindo vendavais, quedas de \u00e1rvores, desabamentos e colapso de estruturas. O balan\u00e7o aponta <strong>24 feridos, 8 desabrigados e 33 desalojados<\/strong>, mas n\u00e3o h\u00e1 registro de mortes ou desaparecidos.<\/p>\n\n\n\n<p>Al\u00e9m dos transtornos nas ruas, que ficaram tomadas por galhos e folhas, os <strong>aeroportos de Congonhas e Guarulhos<\/strong> tiveram atrasos e cancelamentos de voos.<\/p>\n","protected":false},"excerpt":{"rendered":"<p>A cidade de S\u00e3o Paulo amanheceu nesta ter\u00e7a-feira (23) com ao menos 184 mil im\u00f3veis sem energia el\u00e9trica, segundo balan\u00e7o da Enel. Considerando toda a \u00e1rea de concess\u00e3o da distribuidora, que inclui a capital e munic\u00edpios da regi\u00e3o metropolitana, o n\u00famero sobe para pouco mais de 227 mil resid\u00eancias e com\u00e9rcios afetados. O apag\u00e3o \u00e9 [&hellip;]<\/p>\n","protected":false},"author":9,"featured_media":3125,"comment_status":"open","ping_status":"open","sticky":false,"template":"","format":"standard","meta":{"jnews-multi-image_gallery":[],"jnews_single_post":{"format":"standard"},"jnews_primary_category":[],"jnews_social_meta":[],"jnews_post_split":[],"footnotes":""},"categories":[1],"tags":[364,150],"class_list":["post-3124","post","type-post","status-publish","format-standard","has-post-thumbnail","hentry","category-geral","tag-chuvas","tag-sao-paulo"],"_links":{"self":[{"href":"https:\/\/tnh1.audiencelabs.com.br\/wp-json\/wp\/v2\/posts\/3124","targetHints":{"allow":["GET"]}}],"collection":[{"href":"https:\/\/tnh1.audiencelabs.com.br\/wp-json\/wp\/v2\/posts"}],"about":[{"href":"https:\/\/tnh1.audiencelabs.com.br\/wp-json\/wp\/v2\/types\/post"}],"author":[{"embeddable":true,"href":"https:\/\/tnh1.audiencelabs.com.br\/wp-json\/wp\/v2\/users\/9"}],"replies":[{"embeddable":true,"href":"https:\/\/tnh1.audiencelabs.com.br\/wp-json\/wp\/v2\/comments?post=3124"}],"version-history":[{"count":1,"href":"https:\/\/tnh1.audiencelabs.com.br\/wp-json\/wp\/v2\/posts\/3124\/revisions"}],"predecessor-version":[{"id":3126,"href":"https:\/\/tnh1.audiencelabs.com.br\/wp-json\/wp\/v2\/posts\/3124\/revisions\/3126"}],"wp:featuredmedia":[{"embeddable":true,"href":"https:\/\/tnh1.audiencelabs.com.br\/wp-json\/wp\/v2\/media\/3125"}],"wp:attachment":[{"href":"https:\/\/tnh1.audiencelabs.com.br\/wp-json\/wp\/v2\/media?parent=3124"}],"wp:term":[{"taxonomy":"category","embeddable":true,"href":"https:\/\/tnh1.audiencelabs.com.br\/wp-json\/wp\/v2\/categories?post=3124"},{"taxonomy":"post_tag","embeddable":true,"href":"https:\/\/tnh1.audiencelabs.com.br\/wp-json\/wp\/v2\/tags?post=3124"}],"curies":[{"name":"wp","href":"https:\/\/api.w.org\/{rel}","templated":true}]}}