{"id":459,"date":"2025-08-22T21:59:00","date_gmt":"2025-08-23T00:59:00","guid":{"rendered":"https:\/\/tnh1.audiencelabs.com.br\/?p=459"},"modified":"2025-08-15T17:23:37","modified_gmt":"2025-08-15T20:23:37","slug":"alimento-numero-1-dos-brasileiros-caiu-absurdamente-de-preco-no-mercado","status":"publish","type":"post","link":"https:\/\/tnh1.audiencelabs.com.br\/alimento-numero-1-dos-brasileiros-caiu-absurdamente-de-preco-no-mercado\/","title":{"rendered":"Alimento n\u00famero 1 dos brasileiros caiu absurdamente de pre\u00e7o no mercado"},"content":{"rendered":"\n<p>Pela primeira vez em mais de um ano e&nbsp; meio, o pre\u00e7o do caf\u00e9 mo\u00eddo caiu no Brasil. De acordo com informa\u00e7\u00f5es calculadas pelo (\u00cdndice Nacional de Pre\u00e7os ao Consumidor Amplo), divulgados na \u00faltima ter\u00e7a-feira (12), houve uma diminui\u00e7\u00e3o de 1% no valor no m\u00eas de julho.<\/p>\n\n\n\n<p>A not\u00edcia \u00e9 muito boa, considerando que o ano registrou um aumento de 41,46%. Se for calcular a varia\u00e7\u00e3o em um ano, o percentual \u00e9 ainda maior: 70,51%. Segundo o Instituto Brasileiro de Geografia e Estat\u00edstica (IBGE), o pre\u00e7o do gr\u00e3o foi o que mais sofreu altera\u00e7\u00e3o.<\/p>\n\n\n\n<p>Vale lembrar que a queda no IPCA ocorre justamente quando a ind\u00fastria ficou de fora das isen\u00e7\u00f5es \u00e0 tarifa de 50% cobrada pelo presidente dos Estado Unidos, Donald Trump, ainda no come\u00e7o do m\u00eas.&nbsp;<\/p>\n\n\n\n<p>Em entrevista \u00e0 CNN, o economista do FGV\/Ibre (Instituto Brasileiro de Economia), Matheus Dias, diz que:&#8221; \u00c9 preciso colher o caf\u00e9, secar, beneficiar, torrar, embalar e transportar \u00e0s prateleiras. O processo, via de regra, demora em torno de tr\u00eas a quarto meses. Por isso vemos uma queda agora&#8221;.<\/p>\n\n\n\n<h2 class=\"wp-block-heading\">Caf\u00e9 \u00e9 o alimento mais consumido do Brasil<\/h2>\n\n\n\n<p>Segundo uma pesquisa realizada pelo IBGE, o caf\u00e9 lidera a lista dos alimentos mais consumidos no Brasil. O feij\u00e3o corre atr\u00e1s e o arroz fecha o \u201cp\u00f3dio\u201d. Ap\u00f3s um levantamento de An\u00e1lise do Consumo Alimentar Pessoal, o consumo per capita do caf\u00e9 chegou a 163,2 gramas, enquanto o feij\u00e3o ficou com 142,2 gramas, e o arroz com 131,4 gramas.A pesquisa citada foi feita em parceria com o Minist\u00e9rio da Sa\u00fade. No total, a an\u00e1lise contou com consumidores a partir dos dez anos.<\/p>\n","protected":false},"excerpt":{"rendered":"<p>Pela primeira vez em mais de um ano e&nbsp; meio, o pre\u00e7o do caf\u00e9 mo\u00eddo caiu no Brasil. De acordo com informa\u00e7\u00f5es calculadas pelo (\u00cdndice Nacional de Pre\u00e7os ao Consumidor Amplo), divulgados na \u00faltima ter\u00e7a-feira (12), houve uma diminui\u00e7\u00e3o de 1% no valor no m\u00eas de julho. A not\u00edcia \u00e9 muito boa, considerando que o [&hellip;]<\/p>\n","protected":false},"author":2,"featured_media":460,"comment_status":"open","ping_status":"open","sticky":false,"template":"","format":"standard","meta":{"jnews-multi-image_gallery":[],"jnews_single_post":{"format":"standard"},"jnews_primary_category":[],"jnews_social_meta":[],"jnews_post_split":[],"footnotes":""},"categories":[1],"tags":[],"class_list":["post-459","post","type-post","status-publish","format-standard","has-post-thumbnail","hentry","category-geral"],"_links":{"self":[{"href":"https:\/\/tnh1.audiencelabs.com.br\/wp-json\/wp\/v2\/posts\/459","targetHints":{"allow":["GET"]}}],"collection":[{"href":"https:\/\/tnh1.audiencelabs.com.br\/wp-json\/wp\/v2\/posts"}],"about":[{"href":"https:\/\/tnh1.audiencelabs.com.br\/wp-json\/wp\/v2\/types\/post"}],"author":[{"embeddable":true,"href":"https:\/\/tnh1.audiencelabs.com.br\/wp-json\/wp\/v2\/users\/2"}],"replies":[{"embeddable":true,"href":"https:\/\/tnh1.audiencelabs.com.br\/wp-json\/wp\/v2\/comments?post=459"}],"version-history":[{"count":1,"href":"https:\/\/tnh1.audiencelabs.com.br\/wp-json\/wp\/v2\/posts\/459\/revisions"}],"predecessor-version":[{"id":461,"href":"https:\/\/tnh1.audiencelabs.com.br\/wp-json\/wp\/v2\/posts\/459\/revisions\/461"}],"wp:featuredmedia":[{"embeddable":true,"href":"https:\/\/tnh1.audiencelabs.com.br\/wp-json\/wp\/v2\/media\/460"}],"wp:attachment":[{"href":"https:\/\/tnh1.audiencelabs.com.br\/wp-json\/wp\/v2\/media?parent=459"}],"wp:term":[{"taxonomy":"category","embeddable":true,"href":"https:\/\/tnh1.audiencelabs.com.br\/wp-json\/wp\/v2\/categories?post=459"},{"taxonomy":"post_tag","embeddable":true,"href":"https:\/\/tnh1.audiencelabs.com.br\/wp-json\/wp\/v2\/tags?post=459"}],"curies":[{"name":"wp","href":"https:\/\/api.w.org\/{rel}","templated":true}]}}