{"id":580,"date":"2025-08-23T20:27:00","date_gmt":"2025-08-23T23:27:00","guid":{"rendered":"https:\/\/tnh1.audiencelabs.com.br\/?p=580"},"modified":"2025-08-19T17:41:11","modified_gmt":"2025-08-19T20:41:11","slug":"neve-historica-cobriu-o-sul-do-brasil-de-branco","status":"publish","type":"post","link":"https:\/\/tnh1.audiencelabs.com.br\/neve-historica-cobriu-o-sul-do-brasil-de-branco\/","title":{"rendered":"Neve hist\u00f3rica cobriu o Sul do Brasil de branco"},"content":{"rendered":"\n<p>Na \u00faltima ter\u00e7a-feira (19), o anivers\u00e1rio de 60 anos de um dos fen\u00f4menos clim\u00e1ticos mais marcantes da hist\u00f3ria do Brasil foi lembrado. Nos dias 19 e 20 de agosto de 2965, o Rio Grande do Sul vivenciou uma verdadeira nevasca, que caiu de forma seguida por quase 20 horas no estado.<\/p>\n\n\n\n<p>At\u00e9 hoje \u00e9 considerada uma das maiores nevascas que j\u00e1 foram registradas no pa\u00eds, e se tornou uma mem\u00f3ria dos que presenciaram. Diversas imagens da \u00e9poca s\u00e3o passadas de gera\u00e7\u00e3o em gera\u00e7\u00e3o para lembrar do ocorrido. As ruas, telhados e carros foram cobertos pela neve.<\/p>\n\n\n\n<p>A nevasca afetou em grande parte os munic\u00edpios da Serra Ga\u00facha e da Regi\u00e3o Norte do estado, como Caxias do Sul, Passo Fundo, Iju\u00ed e Santa Rosa. Contudo, tamb\u00e9m passou nas regi\u00f5es urbanas. Partes do Paran\u00e1 tamb\u00e9m foram afetadas, como Palmas e Guarapuava.<\/p>\n\n\n\n<p>Na \u00e9tica, as cidades n\u00e3o tinham a infraestrutura necess\u00e1ria para aguentarem tanto tempo de neve. As estradas foram bloqueadas e alguns servi\u00e7os foram deixados de lado (uma esp\u00e9cie de pausa). A popula\u00e7\u00e3o precisou improvisar para lidar com a situa\u00e7\u00e3o (al\u00e9m do frio em si).<\/p>\n\n\n\n<h2 class=\"wp-block-heading\">Epis\u00f3dio raro no Brasil<\/h2>\n\n\n\n<p>Apesar da regi\u00e3o Sul do Brasil ser conhecida nacionalmente pelas baixas temperaturas, a neve h\u00e1 60 anos entrou para a hist\u00f3ria. Desde 1965, nenhum outro epis\u00f3dio de nevasca chegou perto em compara\u00e7\u00e3o ao registrado na \u00e9poca.<\/p>\n\n\n\n<p>Justamente por isso, a grande nevasca na regi\u00e3o se tornou assunto de diversas fam\u00edlias at\u00e9 o dia de hoje. Apenas quem viveu o momento pode contar das experi\u00eancias desafiadoras daqueles dois dias.<\/p>\n","protected":false},"excerpt":{"rendered":"<p>Na \u00faltima ter\u00e7a-feira (19), o anivers\u00e1rio de 60 anos de um dos fen\u00f4menos clim\u00e1ticos mais marcantes da hist\u00f3ria do Brasil foi lembrado. Nos dias 19 e 20 de agosto de 2965, o Rio Grande do Sul vivenciou uma verdadeira nevasca, que caiu de forma seguida por quase 20 horas no estado. At\u00e9 hoje \u00e9 considerada [&hellip;]<\/p>\n","protected":false},"author":2,"featured_media":581,"comment_status":"open","ping_status":"open","sticky":false,"template":"","format":"standard","meta":{"jnews-multi-image_gallery":[],"jnews_single_post":{"format":"standard"},"jnews_primary_category":[],"jnews_social_meta":[],"jnews_post_split":[],"footnotes":""},"categories":[1],"tags":[],"class_list":["post-580","post","type-post","status-publish","format-standard","has-post-thumbnail","hentry","category-geral"],"_links":{"self":[{"href":"https:\/\/tnh1.audiencelabs.com.br\/wp-json\/wp\/v2\/posts\/580","targetHints":{"allow":["GET"]}}],"collection":[{"href":"https:\/\/tnh1.audiencelabs.com.br\/wp-json\/wp\/v2\/posts"}],"about":[{"href":"https:\/\/tnh1.audiencelabs.com.br\/wp-json\/wp\/v2\/types\/post"}],"author":[{"embeddable":true,"href":"https:\/\/tnh1.audiencelabs.com.br\/wp-json\/wp\/v2\/users\/2"}],"replies":[{"embeddable":true,"href":"https:\/\/tnh1.audiencelabs.com.br\/wp-json\/wp\/v2\/comments?post=580"}],"version-history":[{"count":1,"href":"https:\/\/tnh1.audiencelabs.com.br\/wp-json\/wp\/v2\/posts\/580\/revisions"}],"predecessor-version":[{"id":582,"href":"https:\/\/tnh1.audiencelabs.com.br\/wp-json\/wp\/v2\/posts\/580\/revisions\/582"}],"wp:featuredmedia":[{"embeddable":true,"href":"https:\/\/tnh1.audiencelabs.com.br\/wp-json\/wp\/v2\/media\/581"}],"wp:attachment":[{"href":"https:\/\/tnh1.audiencelabs.com.br\/wp-json\/wp\/v2\/media?parent=580"}],"wp:term":[{"taxonomy":"category","embeddable":true,"href":"https:\/\/tnh1.audiencelabs.com.br\/wp-json\/wp\/v2\/categories?post=580"},{"taxonomy":"post_tag","embeddable":true,"href":"https:\/\/tnh1.audiencelabs.com.br\/wp-json\/wp\/v2\/tags?post=580"}],"curies":[{"name":"wp","href":"https:\/\/api.w.org\/{rel}","templated":true}]}}