{"id":724,"date":"2025-08-22T11:51:17","date_gmt":"2025-08-22T14:51:17","guid":{"rendered":"https:\/\/tnh1.audiencelabs.com.br\/?p=724"},"modified":"2025-08-22T11:51:24","modified_gmt":"2025-08-22T14:51:24","slug":"diabeticos-recebem-otimo-comunicado-do-governo-hoje-22-08","status":"publish","type":"post","link":"https:\/\/tnh1.audiencelabs.com.br\/diabeticos-recebem-otimo-comunicado-do-governo-hoje-22-08\/","title":{"rendered":"Diab\u00e9ticos recebem \u00f3timo comunicado do Governo hoje (22\/08)"},"content":{"rendered":"\n<p>Na \u00faltima segunda-feira (18), os vereadores de Paranava\u00ed aprovaram, em sess\u00e3o, o Requerimento n\u00ba 177\/25, feito&nbsp; pelos parlamentares Professor Carlos e Professora Ivany Azevedo.<\/p>\n\n\n\n<p>&nbsp;Na ocasi\u00e3o, ambos pediram \u00e0 Prefeitura e \u00e0 Secretaria de Sa\u00fade que expliquem quais s\u00e3o as pol\u00edticas para quem vive com Diabetes Tipo 1. Junto a isso, questionou tamb\u00e9m se o munic\u00edpio pode oferecer o sensor de glicemia FreeStyle Libre 2, da Abbott, enquanto o programa estadual n\u00e3o cobre adultos.<\/p>\n\n\n\n<p>A proposta surgiu da Associa\u00e7\u00e3o de M\u00e3es P\u00e2ncreas de Paranava\u00ed, que re\u00fane m\u00e3es de crian\u00e7as e jovens diab\u00e9ticos. O professor Carlos comentou: \u201cIsso n\u00e3o \u00e9 luxo, \u00e9 necessidade. Esses sensores salvam vidas, impedem crises graves e d\u00e3o um suspiro de paz para as fam\u00edlias. A gente n\u00e3o pode continuar esperando pelo programa estadual.\u201d<\/p>\n\n\n\n<p>&nbsp;Ivany Azevedo destacou o impacto positivo na economia da sa\u00fade p\u00fablica: \u201cCom o controle correto da glicemia, evitamos complica\u00e7\u00f5es que resultam em interna\u00e7\u00f5es caras e muito sofrimento. Investir agora \u00e9 cuidar da vida e tamb\u00e9m poupar recursos.\u201d<\/p>\n\n\n\n<h2 class=\"wp-block-heading\">Mais sobre a iniciativa<\/h2>\n\n\n\n<p>O questionamento tamb\u00e9m traz perguntas simples, mas de extrema import\u00e2ncia: o munic\u00edpio j\u00e1 tem algum programa que atenda esse grupo? Quantas pessoas com Diabetes Tipo 1 est\u00e3o diagnosticadas em Paranava\u00ed? E ser\u00e1 que a Prefeitura consegue bancar esses sensores enquanto o Estado n\u00e3o amplia a cobertura?&nbsp;<\/p>\n\n\n\n<p>At\u00e9 aqui, o programa estadual, que foi aprovado em janeiro deste ano, s\u00f3 conta com quem tem at\u00e9 17 anos, deixando boa parte dos adultos jovens de fora.<\/p>\n","protected":false},"excerpt":{"rendered":"<p>Na \u00faltima segunda-feira (18), os vereadores de Paranava\u00ed aprovaram, em sess\u00e3o, o Requerimento n\u00ba 177\/25, feito&nbsp; pelos parlamentares Professor Carlos e Professora Ivany Azevedo. &nbsp;Na ocasi\u00e3o, ambos pediram \u00e0 Prefeitura e \u00e0 Secretaria de Sa\u00fade que expliquem quais s\u00e3o as pol\u00edticas para quem vive com Diabetes Tipo 1. Junto a isso, questionou tamb\u00e9m se o [&hellip;]<\/p>\n","protected":false},"author":2,"featured_media":725,"comment_status":"open","ping_status":"open","sticky":false,"template":"","format":"standard","meta":{"jnews-multi-image_gallery":[],"jnews_single_post":{"format":"standard"},"jnews_primary_category":[],"jnews_social_meta":[],"jnews_post_split":[],"footnotes":""},"categories":[1],"tags":[],"class_list":["post-724","post","type-post","status-publish","format-standard","has-post-thumbnail","hentry","category-geral"],"_links":{"self":[{"href":"https:\/\/tnh1.audiencelabs.com.br\/wp-json\/wp\/v2\/posts\/724","targetHints":{"allow":["GET"]}}],"collection":[{"href":"https:\/\/tnh1.audiencelabs.com.br\/wp-json\/wp\/v2\/posts"}],"about":[{"href":"https:\/\/tnh1.audiencelabs.com.br\/wp-json\/wp\/v2\/types\/post"}],"author":[{"embeddable":true,"href":"https:\/\/tnh1.audiencelabs.com.br\/wp-json\/wp\/v2\/users\/2"}],"replies":[{"embeddable":true,"href":"https:\/\/tnh1.audiencelabs.com.br\/wp-json\/wp\/v2\/comments?post=724"}],"version-history":[{"count":1,"href":"https:\/\/tnh1.audiencelabs.com.br\/wp-json\/wp\/v2\/posts\/724\/revisions"}],"predecessor-version":[{"id":726,"href":"https:\/\/tnh1.audiencelabs.com.br\/wp-json\/wp\/v2\/posts\/724\/revisions\/726"}],"wp:featuredmedia":[{"embeddable":true,"href":"https:\/\/tnh1.audiencelabs.com.br\/wp-json\/wp\/v2\/media\/725"}],"wp:attachment":[{"href":"https:\/\/tnh1.audiencelabs.com.br\/wp-json\/wp\/v2\/media?parent=724"}],"wp:term":[{"taxonomy":"category","embeddable":true,"href":"https:\/\/tnh1.audiencelabs.com.br\/wp-json\/wp\/v2\/categories?post=724"},{"taxonomy":"post_tag","embeddable":true,"href":"https:\/\/tnh1.audiencelabs.com.br\/wp-json\/wp\/v2\/tags?post=724"}],"curies":[{"name":"wp","href":"https:\/\/api.w.org\/{rel}","templated":true}]}}