{"id":7897,"date":"2025-11-13T14:22:34","date_gmt":"2025-11-13T17:22:34","guid":{"rendered":"https:\/\/tnh1.audiencelabs.com.br\/?p=7897"},"modified":"2025-11-13T18:35:34","modified_gmt":"2025-11-13T21:35:34","slug":"mudanca-chocante-nos-pontos-de-audiencia-do-jornal-nacional-apos-saida-de-bonner","status":"publish","type":"post","link":"https:\/\/tnh1.audiencelabs.com.br\/mudanca-chocante-nos-pontos-de-audiencia-do-jornal-nacional-apos-saida-de-bonner\/","title":{"rendered":"Mudan\u00e7a chocante nos pontos de audi\u00eancia do Jornal Nacional ap\u00f3s sa\u00edda de Bonner?"},"content":{"rendered":"\n<p>A sa\u00edda de William Bonner do Jornal Nacional impactou a audi\u00eancia do telejornal mais assistido do Brasil? Pelo visto, nem tanto. Com o jornalista C\u00e9sar Tralli no comando, os primeiros n\u00fameros mostram que a passada de bast\u00e3o passou quase despercebida pelo p\u00fablico.<\/p>\n\n\n\n<p>Entre 27 e 31 de outubro, nas \u00faltimas edi\u00e7\u00f5es comandadas por Bonner, o JN registrou m\u00e9dia de 24,6 pontos no Ibope. J\u00e1 nos cinco primeiros dias de Tralli como \u00e2ncora titular, entre 3 e 7 de novembro, a m\u00e9dia foi de 23,4 pontos. A varia\u00e7\u00e3o de pouco mais de um ponto est\u00e1 dentro da oscila\u00e7\u00e3o hist\u00f3rica do programa e indica que a transi\u00e7\u00e3o ocorreu sem traumas.<\/p>\n\n\n\n<h2 class=\"wp-block-heading\">Jornal Nacional permanece firme nos n\u00fameros mesmo ap\u00f3s sa\u00edda de Bonner<\/h2>\n\n\n\n<p>A Globo planejou a aposentadoria de Bonner ao longo de cinco anos, temendo poss\u00edveis perdas de p\u00fablico. Mas o cen\u00e1rio atual da televis\u00e3o mostra que o v\u00ednculo do p\u00fablico com apresentadores \u00e9 mais vol\u00e1til e superficial do que d\u00e9cadas atr\u00e1s. <\/p>\n\n\n\n<p>Tralli, novo parceiro de Renata Vasconcellos, foi rapidamente absorvido pelos telespectadores, mantendo a for\u00e7a e relev\u00e2ncia do notici\u00e1rio.<\/p>\n\n\n\n<p>Apesar da mudan\u00e7a, a tend\u00eancia de queda de audi\u00eancia do JN \u00e9 estrutural e n\u00e3o est\u00e1 ligada \u00e0 troca de \u00e2ncoras. A previs\u00e3o \u00e9 que o telejornal termine 2025 com m\u00e9dia de 22,3 pontos, ligeiramente abaixo dos 22,8 pontos de 2024. Desde o auge da pandemia em 2020, quando marcou 29,8 pontos, mais de 1 milh\u00e3o de telespectadores na Grande S\u00e3o Paulo deixaram de acompanhar o jornal na TV tradicional.<\/p>\n\n\n\n<p>Ainda assim, o Jornal Nacional continua a superar frequentemente a novela das 21h, Tr\u00eas Gra\u00e7as, mostrando que a marca e o formato do telejornal permanecem fortes. A sa\u00edda de Bonner, portanto, n\u00e3o abalou a estabilidade da emissora, e C\u00e9sar Tralli j\u00e1 se mostra \u00e0 altura do desafio, consolidando a transi\u00e7\u00e3o sem perder p\u00fablico.<\/p>\n\n\n\n<p><\/p>\n","protected":false},"excerpt":{"rendered":"<p>A sa\u00edda de William Bonner do Jornal Nacional impactou a audi\u00eancia do telejornal mais assistido do Brasil? Pelo visto, nem tanto. Com o jornalista C\u00e9sar Tralli no comando, os primeiros n\u00fameros mostram que a passada de bast\u00e3o passou quase despercebida pelo p\u00fablico. Entre 27 e 31 de outubro, nas \u00faltimas edi\u00e7\u00f5es comandadas por Bonner, o [&hellip;]<\/p>\n","protected":false},"author":7,"featured_media":7898,"comment_status":"open","ping_status":"open","sticky":false,"template":"","format":"standard","meta":{"jnews-multi-image_gallery":[],"jnews_single_post":{"format":"standard"},"jnews_primary_category":[],"jnews_social_meta":[],"jnews_post_split":[],"footnotes":""},"categories":[1],"tags":[],"class_list":["post-7897","post","type-post","status-publish","format-standard","has-post-thumbnail","hentry","category-geral"],"_links":{"self":[{"href":"https:\/\/tnh1.audiencelabs.com.br\/wp-json\/wp\/v2\/posts\/7897","targetHints":{"allow":["GET"]}}],"collection":[{"href":"https:\/\/tnh1.audiencelabs.com.br\/wp-json\/wp\/v2\/posts"}],"about":[{"href":"https:\/\/tnh1.audiencelabs.com.br\/wp-json\/wp\/v2\/types\/post"}],"author":[{"embeddable":true,"href":"https:\/\/tnh1.audiencelabs.com.br\/wp-json\/wp\/v2\/users\/7"}],"replies":[{"embeddable":true,"href":"https:\/\/tnh1.audiencelabs.com.br\/wp-json\/wp\/v2\/comments?post=7897"}],"version-history":[{"count":2,"href":"https:\/\/tnh1.audiencelabs.com.br\/wp-json\/wp\/v2\/posts\/7897\/revisions"}],"predecessor-version":[{"id":7932,"href":"https:\/\/tnh1.audiencelabs.com.br\/wp-json\/wp\/v2\/posts\/7897\/revisions\/7932"}],"wp:featuredmedia":[{"embeddable":true,"href":"https:\/\/tnh1.audiencelabs.com.br\/wp-json\/wp\/v2\/media\/7898"}],"wp:attachment":[{"href":"https:\/\/tnh1.audiencelabs.com.br\/wp-json\/wp\/v2\/media?parent=7897"}],"wp:term":[{"taxonomy":"category","embeddable":true,"href":"https:\/\/tnh1.audiencelabs.com.br\/wp-json\/wp\/v2\/categories?post=7897"},{"taxonomy":"post_tag","embeddable":true,"href":"https:\/\/tnh1.audiencelabs.com.br\/wp-json\/wp\/v2\/tags?post=7897"}],"curies":[{"name":"wp","href":"https:\/\/api.w.org\/{rel}","templated":true}]}}