{"id":8754,"date":"2025-11-29T20:33:00","date_gmt":"2025-11-29T23:33:00","guid":{"rendered":"https:\/\/tnh1.audiencelabs.com.br\/?p=8754"},"modified":"2025-11-25T21:36:31","modified_gmt":"2025-11-26T00:36:31","slug":"por-quantos-anos-jair-bolsonaro-vai-ficar-preso","status":"publish","type":"post","link":"https:\/\/tnh1.audiencelabs.com.br\/por-quantos-anos-jair-bolsonaro-vai-ficar-preso\/","title":{"rendered":"Por quantos anos Jair Bolsonaro vai ficar preso?"},"content":{"rendered":"\n<p>O Supremo Tribunal Federal (STF) concluiu em 25 de novembro o julgamento sobre a tentativa de golpe de Estado envolvendo o ex-presidente<strong> Jair Bolsonaro <\/strong>e outros membros de seu governo. A Primeira Turma do STF condenou Bolsonaro a<strong> 27 anos e 3 meses de pris\u00e3o<\/strong> em regime inicial fechado.<\/p>\n\n\n\n<p>A decis\u00e3o resultou de acusa\u00e7\u00f5es de liderar uma organiza\u00e7\u00e3o criminosa armada e tentar a aboli\u00e7\u00e3o violenta do Estado democr\u00e1tico de direito. Al\u00e9m dele, generais e outros altos oficiais tamb\u00e9m foram sentenciados.<\/p>\n\n\n\n<h2 class=\"wp-block-heading\">Penas estabelecidas pelo Supremo<\/h2>\n\n\n\n<p><strong>Alexandre Ramagem<\/strong>, ex-diretor da Ag\u00eancia Brasileira de Intelig\u00eancia, foi sentenciado a 16 anos e 1 m\u00eas de pris\u00e3o. <strong>Anderson Torres<\/strong>, ex-ministro da Justi\u00e7a, recebeu pena de 24 anos.<\/p>\n\n\n\n<p>Outros membros do n\u00facleo considerado respons\u00e1vel pelo plano golpista tamb\u00e9m receberam senten\u00e7as severas. Augusto Heleno, Paulo S\u00e9rgio Nogueira e Walter Braga Netto est\u00e3o entre os militares julgados e iniciaram a execu\u00e7\u00e3o das penas. O ex-presidente Jair Bolsonaro encontra-se na Superintend\u00eancia da Pol\u00edcia Federal em Bras\u00edlia.<\/p>\n\n\n\n<h2 class=\"wp-block-heading\">Preparativos para execu\u00e7\u00e3o das penas<\/h2>\n\n\n\n<p>Com o tr\u00e2nsito em julgado do processo, a responsabilidade de determinar os locais de cumprimento das penas foi delegada ao ministro Alexandre de Moraes, relator do caso. Bolsonaro j\u00e1 est\u00e1 alojado em uma cela especial na Pol\u00edcia Federal.<\/p>\n\n\n\n<p>Outros condenados, como Heleno, Nogueira e Netto, foram detidos em instala\u00e7\u00f5es militares espec\u00edficas.&nbsp;<\/p>\n\n\n\n<p>Declarado ineleg\u00edvel, o ex-presidente est\u00e1 fora das futuras disputas eleitorais por, pelo menos, 35 anos. Essa inelegibilidade se soma a uma decis\u00e3o do Tribunal Superior Eleitoral que j\u00e1 o havia impedido de concorrer at\u00e9 2030 por abuso de poder.&nbsp;<\/p>\n","protected":false},"excerpt":{"rendered":"<p>O STF concluiu o julgamento sobre a tentativa de golpe de Estado envolvendo o ex-presidente.<\/p>\n","protected":false},"author":8,"featured_media":8663,"comment_status":"open","ping_status":"open","sticky":false,"template":"","format":"standard","meta":{"jnews-multi-image_gallery":[],"jnews_single_post":{"format":"standard"},"jnews_primary_category":[],"jnews_social_meta":[],"jnews_post_split":[],"footnotes":""},"categories":[1],"tags":[],"class_list":["post-8754","post","type-post","status-publish","format-standard","has-post-thumbnail","hentry","category-geral"],"_links":{"self":[{"href":"https:\/\/tnh1.audiencelabs.com.br\/wp-json\/wp\/v2\/posts\/8754","targetHints":{"allow":["GET"]}}],"collection":[{"href":"https:\/\/tnh1.audiencelabs.com.br\/wp-json\/wp\/v2\/posts"}],"about":[{"href":"https:\/\/tnh1.audiencelabs.com.br\/wp-json\/wp\/v2\/types\/post"}],"author":[{"embeddable":true,"href":"https:\/\/tnh1.audiencelabs.com.br\/wp-json\/wp\/v2\/users\/8"}],"replies":[{"embeddable":true,"href":"https:\/\/tnh1.audiencelabs.com.br\/wp-json\/wp\/v2\/comments?post=8754"}],"version-history":[{"count":2,"href":"https:\/\/tnh1.audiencelabs.com.br\/wp-json\/wp\/v2\/posts\/8754\/revisions"}],"predecessor-version":[{"id":8757,"href":"https:\/\/tnh1.audiencelabs.com.br\/wp-json\/wp\/v2\/posts\/8754\/revisions\/8757"}],"wp:featuredmedia":[{"embeddable":true,"href":"https:\/\/tnh1.audiencelabs.com.br\/wp-json\/wp\/v2\/media\/8663"}],"wp:attachment":[{"href":"https:\/\/tnh1.audiencelabs.com.br\/wp-json\/wp\/v2\/media?parent=8754"}],"wp:term":[{"taxonomy":"category","embeddable":true,"href":"https:\/\/tnh1.audiencelabs.com.br\/wp-json\/wp\/v2\/categories?post=8754"},{"taxonomy":"post_tag","embeddable":true,"href":"https:\/\/tnh1.audiencelabs.com.br\/wp-json\/wp\/v2\/tags?post=8754"}],"curies":[{"name":"wp","href":"https:\/\/api.w.org\/{rel}","templated":true}]}}